{"id":76412,"date":"2025-04-01T11:56:41","date_gmt":"2025-04-01T18:56:41","guid":{"rendered":"https:\/\/notiissa.mx\/?p=76412"},"modified":"2025-04-01T11:56:41","modified_gmt":"2025-04-01T18:56:41","slug":"pide-diputado-imparcialidad-y-transparencia-en-eleccion-de-la-cedh","status":"publish","type":"post","link":"https:\/\/notiissa.mx\/?p=76412","title":{"rendered":"Pide diputado imparcialidad y transparencia en elecci\u00f3n de la CEDH"},"content":{"rendered":"<p><strong>Chihuahua.-<\/strong> El diputado coordinador de la bancada de morena en el Congreso de Chihuahua, Cuauht\u00e9moc Estrada, expres\u00f3 su preocupaci\u00f3n sobre las verdaderas intenciones del PAN en el proceso de elecci\u00f3n de la nueva persona titular de la Comisi\u00f3n Estatal de los Derechos Humanos (CEDH), poniendo en duda la imparcialidad y la transparencia del procedimiento.<\/p>\n<p>Estrada record\u00f3 que, en la pasada selecci\u00f3n, el proceso estuvo marcado por una grave falta de objetividad y manipulaci\u00f3n, en la que el PRIAN dej\u00f3 de lado la perspectiva de g\u00e9nero al designar al anterior titular de la CEDH.<\/p>\n<p>El legislador subray\u00f3 la necesidad de que la persona que ocupe este importante cargo sea independiente de intereses partidistas, cuente con una s\u00f3lida experiencia en derechos humanos y, adem\u00e1s, sea una mujer.<\/p>\n<p>Record\u00f3 que la terna presentada incluir\u00e1 a dos mujeres y un hombre, y destac\u00f3 que la CEDH nunca ha sido dirigida por una mujer. Se\u00f1alando que, dentro de las aspirantes, existen mujeres altamente capacitadas y con la perspectiva adecuada para llevar a cabo esta funci\u00f3n de manera efectiva.<\/p>\n","protected":false},"excerpt":{"rendered":"<p>Chihuahua.- El diputado coordinador de la bancada de morena en el Congreso de Chihuahua, Cuauht\u00e9moc Estrada, expres\u00f3 su preocupaci\u00f3n sobre las verdaderas intenciones del PAN en el proceso de elecci\u00f3n de la nueva persona titular de la Comisi\u00f3n Estatal de los Derechos Humanos (CEDH), poniendo en duda la imparcialidad y la transparencia del procedimiento. Estrada [&hellip;]<\/p>\n","protected":false},"author":1,"featured_media":76413,"comment_status":"closed","ping_status":"open","sticky":false,"template":"","format":"standard","meta":{"rop_custom_images_group":[],"rop_custom_messages_group":[],"rop_publish_now":"initial","rop_publish_now_accounts":[],"rop_publish_now_history":[],"rop_publish_now_status":"pending","footnotes":""},"categories":[67,72],"tags":[23],"class_list":["post-76412","post","type-post","status-publish","format-standard","has-post-thumbnail","hentry","category-ciudad","category-estado","tag-destacado"],"_links":{"self":[{"href":"https:\/\/notiissa.mx\/index.php?rest_route=\/wp\/v2\/posts\/76412","targetHints":{"allow":["GET"]}}],"collection":[{"href":"https:\/\/notiissa.mx\/index.php?rest_route=\/wp\/v2\/posts"}],"about":[{"href":"https:\/\/notiissa.mx\/index.php?rest_route=\/wp\/v2\/types\/post"}],"author":[{"embeddable":true,"href":"https:\/\/notiissa.mx\/index.php?rest_route=\/wp\/v2\/users\/1"}],"replies":[{"embeddable":true,"href":"https:\/\/notiissa.mx\/index.php?rest_route=%2Fwp%2Fv2%2Fcomments&post=76412"}],"version-history":[{"count":1,"href":"https:\/\/notiissa.mx\/index.php?rest_route=\/wp\/v2\/posts\/76412\/revisions"}],"predecessor-version":[{"id":76414,"href":"https:\/\/notiissa.mx\/index.php?rest_route=\/wp\/v2\/posts\/76412\/revisions\/76414"}],"wp:featuredmedia":[{"embeddable":true,"href":"https:\/\/notiissa.mx\/index.php?rest_route=\/wp\/v2\/media\/76413"}],"wp:attachment":[{"href":"https:\/\/notiissa.mx\/index.php?rest_route=%2Fwp%2Fv2%2Fmedia&parent=76412"}],"wp:term":[{"taxonomy":"category","embeddable":true,"href":"https:\/\/notiissa.mx\/index.php?rest_route=%2Fwp%2Fv2%2Fcategories&post=76412"},{"taxonomy":"post_tag","embeddable":true,"href":"https:\/\/notiissa.mx\/index.php?rest_route=%2Fwp%2Fv2%2Ftags&post=76412"}],"curies":[{"name":"wp","href":"https:\/\/api.w.org\/{rel}","templated":true}]}}