{"id":76397,"date":"2025-04-01T11:14:35","date_gmt":"2025-04-01T18:14:35","guid":{"rendered":"https:\/\/notiissa.mx\/?p=76397"},"modified":"2025-04-01T11:14:35","modified_gmt":"2025-04-01T18:14:35","slug":"aprueban-minuta-en-materia-de-apoyo-a-jovenes","status":"publish","type":"post","link":"https:\/\/notiissa.mx\/?p=76397","title":{"rendered":"Aprueban minuta en materia de apoyo a j\u00f3venes"},"content":{"rendered":"<p><strong>-J\u00f3venes con desocupaci\u00f3n laboral y que no est\u00e9n estudiando recibir\u00e1n apoyo econ\u00f3mico por parte del Estado.<\/strong><\/p>\n<p>El Congreso de Chihuahua aprob\u00f3 la Minuta Proyecto de Decreto, remitido por la C\u00e1mara de Senadores del H. Congreso de la Uni\u00f3n, por el que se adiciona un segundo p\u00e1rrafo al art\u00edculo 123 de la Constituci\u00f3n Pol\u00edtica de los Estados Unidos Mexicanos, en materia de apoyo a j\u00f3venes.<\/p>\n<p>La diputada Magdalena Renter\u00eda P\u00e9rez, presidente de la Comisi\u00f3n de Juventud y Ni\u00f1ez, se\u00f1al\u00f3 que en dicho documento aprobado por mayor\u00eda de votos, se establece la obligaci\u00f3n del Estado de otorgar un apoyo econ\u00f3mico mensual por hasta doce meses, equivalente al menos a un salario m\u00ednimo a j\u00f3venes de entre 18 y 29 a\u00f1os con desocupaci\u00f3n laboral y fuera del sistema educativo, a fin de que se capaciten para el trabajo por un periodo de hasta doce meses en negocios, empresas, talleres, tiendas y dem\u00e1s unidades econ\u00f3micas, en los t\u00e9rminos que fije la ley.<\/p>\n<p>Cabe destacar que con fecha 05 de febrero de 2024, el entonces Presidente de los Estados Unidos Mexicanos, Andr\u00e9s Manuel L\u00f3pez Obrador, suscribi\u00f3 la iniciativa que dio pie a la reforma planteada.<\/p>\n<p>El decreto deber\u00e1 de publicarse en el Peri\u00f3dico Oficial del Estado y la copia del Decreto aprobado por la 68 Legislatura del Honorable Congreso del Estado de Chihuahua, al H. Congreso de la Uni\u00f3n, de acuerdo a lo plasmado en el art\u00edculo 135 de la Constituci\u00f3n Pol\u00edtica de los Estados Unidos Mexicanos.<\/p>\n","protected":false},"excerpt":{"rendered":"<p>-J\u00f3venes con desocupaci\u00f3n laboral y que no est\u00e9n estudiando recibir\u00e1n apoyo econ\u00f3mico por parte del Estado. El Congreso de Chihuahua aprob\u00f3 la Minuta Proyecto de Decreto, remitido por la C\u00e1mara de Senadores del H. Congreso de la Uni\u00f3n, por el que se adiciona un segundo p\u00e1rrafo al art\u00edculo 123 de la Constituci\u00f3n Pol\u00edtica de los [&hellip;]<\/p>\n","protected":false},"author":1,"featured_media":76398,"comment_status":"closed","ping_status":"open","sticky":false,"template":"","format":"standard","meta":{"rop_custom_images_group":[],"rop_custom_messages_group":[],"rop_publish_now":"initial","rop_publish_now_accounts":[],"rop_publish_now_history":[],"rop_publish_now_status":"pending","footnotes":""},"categories":[67,72],"tags":[23],"class_list":["post-76397","post","type-post","status-publish","format-standard","has-post-thumbnail","hentry","category-ciudad","category-estado","tag-destacado"],"_links":{"self":[{"href":"https:\/\/notiissa.mx\/index.php?rest_route=\/wp\/v2\/posts\/76397","targetHints":{"allow":["GET"]}}],"collection":[{"href":"https:\/\/notiissa.mx\/index.php?rest_route=\/wp\/v2\/posts"}],"about":[{"href":"https:\/\/notiissa.mx\/index.php?rest_route=\/wp\/v2\/types\/post"}],"author":[{"embeddable":true,"href":"https:\/\/notiissa.mx\/index.php?rest_route=\/wp\/v2\/users\/1"}],"replies":[{"embeddable":true,"href":"https:\/\/notiissa.mx\/index.php?rest_route=%2Fwp%2Fv2%2Fcomments&post=76397"}],"version-history":[{"count":1,"href":"https:\/\/notiissa.mx\/index.php?rest_route=\/wp\/v2\/posts\/76397\/revisions"}],"predecessor-version":[{"id":76399,"href":"https:\/\/notiissa.mx\/index.php?rest_route=\/wp\/v2\/posts\/76397\/revisions\/76399"}],"wp:featuredmedia":[{"embeddable":true,"href":"https:\/\/notiissa.mx\/index.php?rest_route=\/wp\/v2\/media\/76398"}],"wp:attachment":[{"href":"https:\/\/notiissa.mx\/index.php?rest_route=%2Fwp%2Fv2%2Fmedia&parent=76397"}],"wp:term":[{"taxonomy":"category","embeddable":true,"href":"https:\/\/notiissa.mx\/index.php?rest_route=%2Fwp%2Fv2%2Fcategories&post=76397"},{"taxonomy":"post_tag","embeddable":true,"href":"https:\/\/notiissa.mx\/index.php?rest_route=%2Fwp%2Fv2%2Ftags&post=76397"}],"curies":[{"name":"wp","href":"https:\/\/api.w.org\/{rel}","templated":true}]}}