{"id":74875,"date":"2025-02-26T11:41:50","date_gmt":"2025-02-26T18:41:50","guid":{"rendered":"https:\/\/notiissa.mx\/?p=74875"},"modified":"2025-02-26T11:41:50","modified_gmt":"2025-02-26T18:41:50","slug":"integran-la-comision-especial-para-el-premio-maria-esther-orozco","status":"publish","type":"post","link":"https:\/\/notiissa.mx\/?p=74875","title":{"rendered":"Integran la Comisi\u00f3n Especial para el Premio \u00abMar\u00eda Esther Orozco\u00bb"},"content":{"rendered":"<p><strong>Ciudad de Chihuahua.-<\/strong> Aprueba Ayuntamiento por unanimidad de votos la integraci\u00f3n de la Comisi\u00f3n Especial de Premiaci\u00f3n para el otorgamiento del Premio Municipal al M\u00e9rito Docente \u201cMar\u00eda Esther Orozco Orozco\u201d, en su edici\u00f3n 2025.<\/p>\n<p>El dictamen fue presentado en la Sesi\u00f3n Ordinaria de Cabildo por la Comisi\u00f3n de Educaci\u00f3n que preside la Regidora Myrna Monge Mel\u00e9ndez.<\/p>\n<p>Para ello se emiti\u00f3 un Punto de Acuerdo en el que se establecen los integrantes de la comisi\u00f3n especial que quedar\u00e1 de la siguiente manera:<\/p>\n<p>Regidora Myrna Monge Mel\u00e9ndez, Presidenta de la Comisi\u00f3n de Educaci\u00f3n del Honorable Ayuntamiento de Chihuahua.<br \/>\nLos Coordinadores de las fracciones edilicias, o aquel Regidor o Regidora que se designe por las mismas:<br \/>\nRegidor Jos\u00e9 Alfredo Navarrete Paz, Representante de la fracci\u00f3n edilicia del Partido Acci\u00f3n Nacional.<br \/>\nRegidora Ana Lilia Orozco Ortiz, Coordinadora del Partido Revolucionario Institucional.<br \/>\nRegidora Rosario Guadalupe \u00c1vila Garc\u00eda, Representante del Partido Verde Ecologista.<br \/>\nRegidora Mar\u00eda Guadalupe Arag\u00f3n Castillo, Representante del Partido Movimiento Ciudadano.<br \/>\nRegidor Omar Enrique M\u00e1rquez Estrada, Coordinador del Partido de la Revoluci\u00f3n Democr\u00e1tica.<br \/>\nRegidora Mar\u00eda Elena Rojo Almaraz, Coordinadora del Partido Movimiento de Regeneraci\u00f3n Nacional<br \/>\nLic. Mario Eduardo Garc\u00eda Jim\u00e9nez, Director de Desarrollo Humano y Educaci\u00f3n.<br \/>\nCronista de la ciudad de Chihuahua: Prof. Rub\u00e9n Beltr\u00e1n Acosta.<\/p>\n<p>Dos ciudadanas o ciudadanos distinguidos por cada m\u00e9rito a premiar, elegidos en consulta a las y los regidores y procurando la pluralidad de los puntos de vista:<\/p>\n<p>C. Mariano Carrillo Romero: Ganador del premio en la primera edici\u00f3n del Premio Municipal al M\u00e9rito Docente.<br \/>\nC. Mar\u00eda Teresa Becerra Ch\u00e1vez: Jurado de la segunda edici\u00f3n.<br \/>\nC. Mariana Romero Tapia: Ganadora de la segunda edici\u00f3n al Premio Municipal al M\u00e9rito Docente<br \/>\nC. Melina Castro Rubio: Jurado de la primera edici\u00f3n.<br \/>\nC. Marco Antonio Rivota Hern\u00e1ndez: Maestro en Educaci\u00f3n y Jurado en la primera edici\u00f3n.<br \/>\nC. Diana Azucena Acosta L\u00f3pez: Lic. en Educaci\u00f3n y Mtra. En Docencia, Iniciadora del Premio Municipal al M\u00e9rito Docente<br \/>\nC. Jorge Sandoval Aldana: Director del Centro Chihuahuense de Estudios de Posgrado.<br \/>\nC. Homero Alan Estrada Hern\u00e1ndez: Director del Centro de Investigaci\u00f3n y Docencia.<\/p>\n","protected":false},"excerpt":{"rendered":"<p>Ciudad de Chihuahua.- Aprueba Ayuntamiento por unanimidad de votos la integraci\u00f3n de la Comisi\u00f3n Especial de Premiaci\u00f3n para el otorgamiento del Premio Municipal al M\u00e9rito Docente \u201cMar\u00eda Esther Orozco Orozco\u201d, en su edici\u00f3n 2025. El dictamen fue presentado en la Sesi\u00f3n Ordinaria de Cabildo por la Comisi\u00f3n de Educaci\u00f3n que preside la Regidora Myrna Monge [&hellip;]<\/p>\n","protected":false},"author":1,"featured_media":74876,"comment_status":"closed","ping_status":"open","sticky":false,"template":"","format":"standard","meta":{"rop_custom_images_group":[],"rop_custom_messages_group":[],"rop_publish_now":"initial","rop_publish_now_accounts":[],"rop_publish_now_history":[],"rop_publish_now_status":"pending","footnotes":""},"categories":[67],"tags":[],"class_list":["post-74875","post","type-post","status-publish","format-standard","has-post-thumbnail","hentry","category-ciudad"],"_links":{"self":[{"href":"https:\/\/notiissa.mx\/index.php?rest_route=\/wp\/v2\/posts\/74875","targetHints":{"allow":["GET"]}}],"collection":[{"href":"https:\/\/notiissa.mx\/index.php?rest_route=\/wp\/v2\/posts"}],"about":[{"href":"https:\/\/notiissa.mx\/index.php?rest_route=\/wp\/v2\/types\/post"}],"author":[{"embeddable":true,"href":"https:\/\/notiissa.mx\/index.php?rest_route=\/wp\/v2\/users\/1"}],"replies":[{"embeddable":true,"href":"https:\/\/notiissa.mx\/index.php?rest_route=%2Fwp%2Fv2%2Fcomments&post=74875"}],"version-history":[{"count":1,"href":"https:\/\/notiissa.mx\/index.php?rest_route=\/wp\/v2\/posts\/74875\/revisions"}],"predecessor-version":[{"id":74877,"href":"https:\/\/notiissa.mx\/index.php?rest_route=\/wp\/v2\/posts\/74875\/revisions\/74877"}],"wp:featuredmedia":[{"embeddable":true,"href":"https:\/\/notiissa.mx\/index.php?rest_route=\/wp\/v2\/media\/74876"}],"wp:attachment":[{"href":"https:\/\/notiissa.mx\/index.php?rest_route=%2Fwp%2Fv2%2Fmedia&parent=74875"}],"wp:term":[{"taxonomy":"category","embeddable":true,"href":"https:\/\/notiissa.mx\/index.php?rest_route=%2Fwp%2Fv2%2Fcategories&post=74875"},{"taxonomy":"post_tag","embeddable":true,"href":"https:\/\/notiissa.mx\/index.php?rest_route=%2Fwp%2Fv2%2Ftags&post=74875"}],"curies":[{"name":"wp","href":"https:\/\/api.w.org\/{rel}","templated":true}]}}