{"id":74691,"date":"2025-02-20T17:40:19","date_gmt":"2025-02-21T00:40:19","guid":{"rendered":"https:\/\/notiissa.mx\/?p=74691"},"modified":"2025-02-20T17:40:19","modified_gmt":"2025-02-21T00:40:19","slug":"invitan-al-programa-rutas-culturales-en-el-parque-lerdo","status":"publish","type":"post","link":"https:\/\/notiissa.mx\/?p=74691","title":{"rendered":"Invitan al programa Rutas Culturales en el Parque Lerdo"},"content":{"rendered":"<p><strong>-Municipio refuerza su compromiso con la descentralizaci\u00f3n de la cultura y la recuperaci\u00f3n de espacios p\u00fablicos.<\/strong><\/p>\n<p><strong>Ciudad de Chihuahua.-<\/strong> Con el objetivo de llevar la cultura a distintos puntos de la ciudad y aprovechar los espacios p\u00fablicos como foros de expresi\u00f3n,\u00a0 el Instituto de Cultura, invitan al programa Rutas Culturales, que inicia el 27 de febrero a las 16:00 horas en el Parque Lerdo.<\/p>\n<p>Rutas Culturales es una serie de eventos que se realizar\u00e1n en diversas zonas de la ciudad, promoviendo el acceso a la cultura a trav\u00e9s de actividades de fomento a la lectura, m\u00fasica, teatro y cine m\u00f3vil, adem\u00e1s de exposiciones y talleres creativos.<\/p>\n<p><strong>El evento tendr\u00e1 una duraci\u00f3n de 16:00 a 20:00 horas, con la siguiente programaci\u00f3n:<\/strong><br \/>\n\u2022 Exposici\u00f3n de Dioramas<br \/>\n\u2022 Presentaciones musicales<br \/>\n\u2022 Stand de muralismo<br \/>\n\u2022 Taller de manualidad creativa.<br \/>\n\u2022 Proyecci\u00f3n de Cine M\u00f3vil<br \/>\n\u2022 La bici PECH en la que se podr\u00e1n encontrar libros de los autores del Programa Editorial Chihuahua.<br \/>\n\u2022 Donaci\u00f3n e intercambio de libros<\/p>\n<p>Con este programa, el Gobierno Municipal refuerza su compromiso con la descentralizaci\u00f3n de la cultura y la recuperaci\u00f3n de espacios p\u00fablicos, ofreciendo a la comunidad experiencias art\u00edsticas y recreativas accesibles para toda la familia.<\/p>\n<p>Para m\u00e1s informaci\u00f3n, las personas interesadas pueden visitar las redes sociales del Instituto de Cultura y del Gobierno Municipal.<\/p>\n","protected":false},"excerpt":{"rendered":"<p>-Municipio refuerza su compromiso con la descentralizaci\u00f3n de la cultura y la recuperaci\u00f3n de espacios p\u00fablicos. Ciudad de Chihuahua.- Con el objetivo de llevar la cultura a distintos puntos de la ciudad y aprovechar los espacios p\u00fablicos como foros de expresi\u00f3n,\u00a0 el Instituto de Cultura, invitan al programa Rutas Culturales, que inicia el 27 de [&hellip;]<\/p>\n","protected":false},"author":1,"featured_media":74692,"comment_status":"closed","ping_status":"open","sticky":false,"template":"","format":"standard","meta":{"rop_custom_images_group":[],"rop_custom_messages_group":[],"rop_publish_now":"initial","rop_publish_now_accounts":[],"rop_publish_now_history":[],"rop_publish_now_status":"pending","footnotes":""},"categories":[67,62,72],"tags":[23],"class_list":["post-74691","post","type-post","status-publish","format-standard","has-post-thumbnail","hentry","category-ciudad","category-cultura","category-estado","tag-destacado"],"_links":{"self":[{"href":"https:\/\/notiissa.mx\/index.php?rest_route=\/wp\/v2\/posts\/74691","targetHints":{"allow":["GET"]}}],"collection":[{"href":"https:\/\/notiissa.mx\/index.php?rest_route=\/wp\/v2\/posts"}],"about":[{"href":"https:\/\/notiissa.mx\/index.php?rest_route=\/wp\/v2\/types\/post"}],"author":[{"embeddable":true,"href":"https:\/\/notiissa.mx\/index.php?rest_route=\/wp\/v2\/users\/1"}],"replies":[{"embeddable":true,"href":"https:\/\/notiissa.mx\/index.php?rest_route=%2Fwp%2Fv2%2Fcomments&post=74691"}],"version-history":[{"count":1,"href":"https:\/\/notiissa.mx\/index.php?rest_route=\/wp\/v2\/posts\/74691\/revisions"}],"predecessor-version":[{"id":74693,"href":"https:\/\/notiissa.mx\/index.php?rest_route=\/wp\/v2\/posts\/74691\/revisions\/74693"}],"wp:featuredmedia":[{"embeddable":true,"href":"https:\/\/notiissa.mx\/index.php?rest_route=\/wp\/v2\/media\/74692"}],"wp:attachment":[{"href":"https:\/\/notiissa.mx\/index.php?rest_route=%2Fwp%2Fv2%2Fmedia&parent=74691"}],"wp:term":[{"taxonomy":"category","embeddable":true,"href":"https:\/\/notiissa.mx\/index.php?rest_route=%2Fwp%2Fv2%2Fcategories&post=74691"},{"taxonomy":"post_tag","embeddable":true,"href":"https:\/\/notiissa.mx\/index.php?rest_route=%2Fwp%2Fv2%2Ftags&post=74691"}],"curies":[{"name":"wp","href":"https:\/\/api.w.org\/{rel}","templated":true}]}}