{"id":74533,"date":"2025-02-16T08:39:20","date_gmt":"2025-02-16T15:39:20","guid":{"rendered":"https:\/\/notiissa.mx\/?p=74533"},"modified":"2025-02-16T08:39:20","modified_gmt":"2025-02-16T15:39:20","slug":"lanzan-convocatoria-para-solicitar-mi-beca-chihuahua-discapacidad","status":"publish","type":"post","link":"https:\/\/notiissa.mx\/?p=74533","title":{"rendered":"Lanzan convocatoria para solicitar Mi Beca Chihuahua Discapacidad"},"content":{"rendered":"<p><strong>&#8211; El tr\u00e1mite para solicitar la beca es completamente gratuito.<\/strong><\/p>\n<p><strong>Ciudad de Chihuahua.-<\/strong> La Direcci\u00f3n de Desarrollo Humano y Educaci\u00f3n del Municipio, da a conocer la convocatoria Mi Beca Chihuahua Discapacidad edici\u00f3n 2025, para personas con discapacidad permanente, manifiesta y certificada que residan en el municipio de Chihuahua.<\/p>\n<p>El objetivo de este programa es contribuir al desarrollo de las personas con discapacidad mediante un apoyo econ\u00f3mico que ayude a mejorar sus condiciones de vida. La convocatoria ya se encuentra disponible en la p\u00e1gina web del Gobierno Municipal en el apartado de \u201cConvocatorias\u201d: https:\/\/www.municipiochihuahua.gob.mx\/ccs\/convocatorias.<\/p>\n<p>Algunos de los requisitos y documentos para participar deben presentarse en original y copia legible:<br \/>\n\u2022 Clave \u00danica de Registro de Poblaci\u00f3n (CURP) con QR, certificada e impresa durante el periodo de la convocatoria.<br \/>\n\u2022 Credencial para votar vigente con domicilio en el municipio de Chihuahua.<br \/>\n\u2022 Credencial Nacional para Personas con Discapacidad (CRENAPED) vigente.<br \/>\n\u2022 Comprobante de domicilio dentro del municipio de Chihuahua, con una antig\u00fcedad no mayor a tres meses.<br \/>\n\u2022 Estudio socioecon\u00f3mico elaborado por la Direcci\u00f3n de Desarrollo Humano y Educaci\u00f3n al momento del registro en los centros de recepci\u00f3n.<\/p>\n<p>En la zona urbana la recepci\u00f3n de documentos se realizar\u00e1 del 24 de febrero al 07 de marzo del 2025, en un horario de las 9:00 a 15:00 horas, bajo el siguiente orden alfab\u00e9tico por apellido de la persona solicitante:<\/p>\n<p>A-B-C Lunes 24 de febrero 2025<br \/>\nD-E-F Martes 25 de febrero 2025<br \/>\nG-H-I Mi\u00e9rcoles 26 de febrero 2025<br \/>\nJ-K-L Jueves 27 de febrero 2025<br \/>\nM Viernes 28 de febrero 2025<br \/>\nN-\u00d1-O Lunes 03 de marzo 2025<br \/>\nP-Q Martes 04 de marzo 2025<br \/>\nR-S-T Mi\u00e9rcoles 05 de marzo 2025<br \/>\nU-V-W Jueves 06 de marzo 2025<br \/>\nX-Y-Z Viernes 07 de marzo 2025<\/p>\n<p>Para mayor informaci\u00f3n, comun\u00edcate al Departamento de Atenci\u00f3n a Grupos Vulnerables de la Subdirecci\u00f3n de Atenci\u00f3n a Grupos Vulnerables, Asuntos de Asociaciones Religiosas y Enlace con la Sociedad Civil de la Direcci\u00f3n de Desarrollo Humano y Educaci\u00f3n al tel\u00e9fono 614-200-4800 o al 072 extensi\u00f3n 6519 o 6579; o acudir a las instalaciones ubicadas en avenida Ju\u00e1rez esquina con calle Segunda n\u00famero 4, colonia Centro.<\/p>\n","protected":false},"excerpt":{"rendered":"<p>&#8211; El tr\u00e1mite para solicitar la beca es completamente gratuito. Ciudad de Chihuahua.- La Direcci\u00f3n de Desarrollo Humano y Educaci\u00f3n del Municipio, da a conocer la convocatoria Mi Beca Chihuahua Discapacidad edici\u00f3n 2025, para personas con discapacidad permanente, manifiesta y certificada que residan en el municipio de Chihuahua. El objetivo de este programa es contribuir [&hellip;]<\/p>\n","protected":false},"author":1,"featured_media":74534,"comment_status":"closed","ping_status":"open","sticky":false,"template":"","format":"standard","meta":{"rop_custom_images_group":[],"rop_custom_messages_group":[],"rop_publish_now":"initial","rop_publish_now_accounts":[],"rop_publish_now_history":[],"rop_publish_now_status":"pending","footnotes":""},"categories":[67,72],"tags":[23],"class_list":["post-74533","post","type-post","status-publish","format-standard","has-post-thumbnail","hentry","category-ciudad","category-estado","tag-destacado"],"_links":{"self":[{"href":"https:\/\/notiissa.mx\/index.php?rest_route=\/wp\/v2\/posts\/74533","targetHints":{"allow":["GET"]}}],"collection":[{"href":"https:\/\/notiissa.mx\/index.php?rest_route=\/wp\/v2\/posts"}],"about":[{"href":"https:\/\/notiissa.mx\/index.php?rest_route=\/wp\/v2\/types\/post"}],"author":[{"embeddable":true,"href":"https:\/\/notiissa.mx\/index.php?rest_route=\/wp\/v2\/users\/1"}],"replies":[{"embeddable":true,"href":"https:\/\/notiissa.mx\/index.php?rest_route=%2Fwp%2Fv2%2Fcomments&post=74533"}],"version-history":[{"count":1,"href":"https:\/\/notiissa.mx\/index.php?rest_route=\/wp\/v2\/posts\/74533\/revisions"}],"predecessor-version":[{"id":74535,"href":"https:\/\/notiissa.mx\/index.php?rest_route=\/wp\/v2\/posts\/74533\/revisions\/74535"}],"wp:featuredmedia":[{"embeddable":true,"href":"https:\/\/notiissa.mx\/index.php?rest_route=\/wp\/v2\/media\/74534"}],"wp:attachment":[{"href":"https:\/\/notiissa.mx\/index.php?rest_route=%2Fwp%2Fv2%2Fmedia&parent=74533"}],"wp:term":[{"taxonomy":"category","embeddable":true,"href":"https:\/\/notiissa.mx\/index.php?rest_route=%2Fwp%2Fv2%2Fcategories&post=74533"},{"taxonomy":"post_tag","embeddable":true,"href":"https:\/\/notiissa.mx\/index.php?rest_route=%2Fwp%2Fv2%2Ftags&post=74533"}],"curies":[{"name":"wp","href":"https:\/\/api.w.org\/{rel}","templated":true}]}}