{"id":71776,"date":"2024-11-29T10:16:25","date_gmt":"2024-11-29T17:16:25","guid":{"rendered":"https:\/\/notiissa.mx\/?p=71776"},"modified":"2024-11-29T10:16:25","modified_gmt":"2024-11-29T17:16:25","slug":"finanzas-estatales-han-funcionado-arturo-medina","status":"publish","type":"post","link":"https:\/\/notiissa.mx\/?p=71776","title":{"rendered":"\u201dFinanzas estatales han funcionado\u00bb: Arturo Medina"},"content":{"rendered":"<p><strong>El PRI atento de campo, salud y desarrollo de la sierra ante presupuesto 2025.<\/strong><\/p>\n<p><strong>Ciudad de Chihuahua.-<\/strong> Arturo Medina, Coordinador de los Diputados del PRI en el Congreso del Estado, se\u00f1al\u00f3 que el Grupo Parlamentario del PRI analizar\u00e1 minuciosamente el Paquete Econ\u00f3mico presentado por el Gobierno del Estado para el 2025.<\/p>\n<p>Medina indic\u00f3 que en este primer momento hay un \u00e1nimo de confianza sobre la propuesta de la administraci\u00f3n estatal, pues el comportamiento financiero del estado ha mostrado estabilidad y autonom\u00eda en los \u00faltimos tres a\u00f1os; \u201cComo Grupo Parlamentario partiremos de una postura de confianza, sin que esto signifique que no hagamos un an\u00e1lisis profundo de la propuesta para lograr fortalecer los rubros que consideremos pertinentes para garantizar el desarrollo del estado y que las familias puedan salir adelante\u201d, indic\u00f3.<\/p>\n<p>El priista enfatiz\u00f3 que las prioridades del Grupo Parlamentario del tricolor son el campo, la salud y la sierra, por lo que pondr\u00e1n especial atenci\u00f3n a estos rubros, adem\u00e1s de los que forman parte de la agenda del Partido y las que surgen de la representaci\u00f3n de cada legislador como los recursos forestales, el turismo y el desarrollo econ\u00f3mico de la frontera.<\/p>\n<p>A\u00f1adi\u00f3 que ante las deficiencias del presupuesto federal es de gran importancia garantizar un presupuesto estatal equilibrado y responsable; destac\u00f3 que el estado de Chihuahua se ha mostrado como la entidad con mayor autonom\u00eda presupuestal, pero que aun as\u00ed, dijo, es necesaria la participaci\u00f3n decidida de la Federaci\u00f3n para potenciar el desarrollo de Chihuahua.<\/p>\n","protected":false},"excerpt":{"rendered":"<p>El PRI atento de campo, salud y desarrollo de la sierra ante presupuesto 2025. Ciudad de Chihuahua.- Arturo Medina, Coordinador de los Diputados del PRI en el Congreso del Estado, se\u00f1al\u00f3 que el Grupo Parlamentario del PRI analizar\u00e1 minuciosamente el Paquete Econ\u00f3mico presentado por el Gobierno del Estado para el 2025. Medina indic\u00f3 que en [&hellip;]<\/p>\n","protected":false},"author":1,"featured_media":71777,"comment_status":"closed","ping_status":"open","sticky":false,"template":"","format":"standard","meta":{"rop_custom_images_group":[],"rop_custom_messages_group":[],"rop_publish_now":"initial","rop_publish_now_accounts":[],"rop_publish_now_history":[],"rop_publish_now_status":"pending","footnotes":""},"categories":[67,72],"tags":[23],"class_list":["post-71776","post","type-post","status-publish","format-standard","has-post-thumbnail","hentry","category-ciudad","category-estado","tag-destacado"],"_links":{"self":[{"href":"https:\/\/notiissa.mx\/index.php?rest_route=\/wp\/v2\/posts\/71776","targetHints":{"allow":["GET"]}}],"collection":[{"href":"https:\/\/notiissa.mx\/index.php?rest_route=\/wp\/v2\/posts"}],"about":[{"href":"https:\/\/notiissa.mx\/index.php?rest_route=\/wp\/v2\/types\/post"}],"author":[{"embeddable":true,"href":"https:\/\/notiissa.mx\/index.php?rest_route=\/wp\/v2\/users\/1"}],"replies":[{"embeddable":true,"href":"https:\/\/notiissa.mx\/index.php?rest_route=%2Fwp%2Fv2%2Fcomments&post=71776"}],"version-history":[{"count":1,"href":"https:\/\/notiissa.mx\/index.php?rest_route=\/wp\/v2\/posts\/71776\/revisions"}],"predecessor-version":[{"id":71778,"href":"https:\/\/notiissa.mx\/index.php?rest_route=\/wp\/v2\/posts\/71776\/revisions\/71778"}],"wp:featuredmedia":[{"embeddable":true,"href":"https:\/\/notiissa.mx\/index.php?rest_route=\/wp\/v2\/media\/71777"}],"wp:attachment":[{"href":"https:\/\/notiissa.mx\/index.php?rest_route=%2Fwp%2Fv2%2Fmedia&parent=71776"}],"wp:term":[{"taxonomy":"category","embeddable":true,"href":"https:\/\/notiissa.mx\/index.php?rest_route=%2Fwp%2Fv2%2Fcategories&post=71776"},{"taxonomy":"post_tag","embeddable":true,"href":"https:\/\/notiissa.mx\/index.php?rest_route=%2Fwp%2Fv2%2Ftags&post=71776"}],"curies":[{"name":"wp","href":"https:\/\/api.w.org\/{rel}","templated":true}]}}