{"id":71495,"date":"2024-11-21T16:32:22","date_gmt":"2024-11-21T23:32:22","guid":{"rendered":"https:\/\/notiissa.mx\/?p=71495"},"modified":"2024-11-22T07:31:44","modified_gmt":"2024-11-22T14:31:44","slug":"inauguran-corredor-artesanal-sekati-newarame-en-la-plaza-de-armas","status":"publish","type":"post","link":"https:\/\/notiissa.mx\/?p=71495","title":{"rendered":"Inauguran Corredor Artesanal \u00abSek\u00e1ti New\u00e1rame\u00bb en la Plaza de Armas"},"content":{"rendered":"<p><strong>Ciudad de Chihuahua.-<\/strong> Con la participaci\u00f3n de 200 artesanos de diversos pueblos originarios, este jueves se inaugur\u00f3 el Corredor Artesanal \u00abSek\u00e1ti New\u00e1rame\u00bb (Hecho a Mano) frente a la Catedral de Chihuahua, en donde se exhiben y comercian artesan\u00edas \u00a0y comida tradicional de la regi\u00f3n.<\/p>\n<p>La Regidora Joni Barajas Gonz\u00e1lez, presidenta de la Comisi\u00f3n de Sociedad Civil Organizada, Asuntos Religiosos y Comunidades Ind\u00edgenas del Ayuntamiento de Chihuahua inform\u00f3 que este corredor se lleva a cabo en coordinaci\u00f3n con Fomento y Desarrollo Artesanal de Chihuahua (FODARCH), la Secretar\u00eda de Pueblos y Comunidades Ind\u00edgenas y el Gobierno Municipal de Chihuahua.<\/p>\n<p>Sek\u00e1ti New\u00e1rame cuenta con treinta espacios donde los visitantes pueden encontrar una amplia variedad de productos elaborados a mano por artesanos de las comunidades \u00f3dami, mazahua, otom\u00ed, mixteco, n\u00b4dee, n\u00e9e, nd\u00e9 y ral\u00e1muli. La oferta incluye textiles, joyer\u00eda, juguetes, piezas de madera, cer\u00e1mica y gastronom\u00eda tradicional como gorditas de ma\u00edz azul y tamales.<\/p>\n<p>\u00abTanto el gobierno del Estado como el Municipal buscan dar continuidad a este tipo de actividades para apoyar el desarrollo econ\u00f3mico y familiar de nuestros pueblos ind\u00edgenas previo a la temporada navide\u00f1a. Se pretende realizar este evento por lo menos dos o tres veces al a\u00f1o, contemplando tambi\u00e9n la Plaza del \u00c1ngel como sede alternativa\u00bb, se\u00f1al\u00f3 la Regidora Barajas Gonz\u00e1lez.<\/p>\n<p>Agreg\u00f3 que el corredor tiene\u00a017 a\u00f1os de llevarse a cabo y que se hace en conjunto con los entes gubernamentales mencionados. Los horarios y acceso son: el Jueves de 12:00 a 20:00 horas y de viernes 22 a domingo24 de noviembre de \u00a09:00 a 20:00 horas.<\/p>\n<p>Las autoridades municipales y estatales realizaron un recorrido. Asistieron: la Presidenta del DIF Municipal, Karina Olivas; el Subsecretario del Ayuntamiento de Chihuahua, Alex Olivas; el titular de la Secretar\u00eda de Pueblos y Comunidades Ind\u00edgenas del Gobierno del Estado, Enrique Rasc\u00f3n; as\u00ed como regidoras y regidores del H. Ayuntamiento de Chihuahua.<\/p>\n<p>La exposici\u00f3n representa una oportunidad \u00fanica para que chihuahuenses y turistas conozcan, aprecien y apoyen directamente el trabajo artesanal de las comunidades ind\u00edgenas de la regi\u00f3n, contribuyendo as\u00ed a la preservaci\u00f3n de sus tradiciones y al fortalecimiento de su econom\u00eda.<\/p>\n","protected":false},"excerpt":{"rendered":"<p>Ciudad de Chihuahua.- Con la participaci\u00f3n de 200 artesanos de diversos pueblos originarios, este jueves se inaugur\u00f3 el Corredor Artesanal \u00abSek\u00e1ti New\u00e1rame\u00bb (Hecho a Mano) frente a la Catedral de Chihuahua, en donde se exhiben y comercian artesan\u00edas \u00a0y comida tradicional de la regi\u00f3n. La Regidora Joni Barajas Gonz\u00e1lez, presidenta de la Comisi\u00f3n de Sociedad [&hellip;]<\/p>\n","protected":false},"author":1,"featured_media":71496,"comment_status":"closed","ping_status":"open","sticky":false,"template":"","format":"standard","meta":{"rop_custom_images_group":[],"rop_custom_messages_group":[],"rop_publish_now":"initial","rop_publish_now_accounts":[],"rop_publish_now_history":[],"rop_publish_now_status":"pending","footnotes":""},"categories":[73,67,62,66],"tags":[],"class_list":["post-71495","post","type-post","status-publish","format-standard","has-post-thumbnail","hentry","category-arte","category-ciudad","category-cultura","category-estilo-de-vida"],"_links":{"self":[{"href":"https:\/\/notiissa.mx\/index.php?rest_route=\/wp\/v2\/posts\/71495","targetHints":{"allow":["GET"]}}],"collection":[{"href":"https:\/\/notiissa.mx\/index.php?rest_route=\/wp\/v2\/posts"}],"about":[{"href":"https:\/\/notiissa.mx\/index.php?rest_route=\/wp\/v2\/types\/post"}],"author":[{"embeddable":true,"href":"https:\/\/notiissa.mx\/index.php?rest_route=\/wp\/v2\/users\/1"}],"replies":[{"embeddable":true,"href":"https:\/\/notiissa.mx\/index.php?rest_route=%2Fwp%2Fv2%2Fcomments&post=71495"}],"version-history":[{"count":3,"href":"https:\/\/notiissa.mx\/index.php?rest_route=\/wp\/v2\/posts\/71495\/revisions"}],"predecessor-version":[{"id":71500,"href":"https:\/\/notiissa.mx\/index.php?rest_route=\/wp\/v2\/posts\/71495\/revisions\/71500"}],"wp:featuredmedia":[{"embeddable":true,"href":"https:\/\/notiissa.mx\/index.php?rest_route=\/wp\/v2\/media\/71496"}],"wp:attachment":[{"href":"https:\/\/notiissa.mx\/index.php?rest_route=%2Fwp%2Fv2%2Fmedia&parent=71495"}],"wp:term":[{"taxonomy":"category","embeddable":true,"href":"https:\/\/notiissa.mx\/index.php?rest_route=%2Fwp%2Fv2%2Fcategories&post=71495"},{"taxonomy":"post_tag","embeddable":true,"href":"https:\/\/notiissa.mx\/index.php?rest_route=%2Fwp%2Fv2%2Ftags&post=71495"}],"curies":[{"name":"wp","href":"https:\/\/api.w.org\/{rel}","templated":true}]}}