{"id":71452,"date":"2024-11-21T11:38:08","date_gmt":"2024-11-21T18:38:08","guid":{"rendered":"https:\/\/notiissa.mx\/?p=71452"},"modified":"2024-11-21T11:38:08","modified_gmt":"2024-11-21T18:38:08","slug":"inicia-ruba-construccion-del-parque-industrial-natura-en-tijuana","status":"publish","type":"post","link":"https:\/\/notiissa.mx\/?p=71452","title":{"rendered":"Inicia Ruba construcci\u00f3n del Parque Industrial Natura en Tijuana"},"content":{"rendered":"<p style=\"text-align: left;\" align=\"center\"><b>\u2022\u00a0<\/b><b><i>De ser referente en vivienda horizontal, se expande con vivienda vertical y departamentos <\/i><\/b><b><i>en renta en Ciudad Ju\u00e1rez y Estados Unidos, y ahora con naves industriales <\/i><\/b><b><i>en la frontera con California.<\/i><\/b><\/p>\n<p style=\"text-align: left;\" align=\"center\"><b>\u2022\u00a0<i>Banderazo de arranque <\/i><\/b><b><i>por la<\/i><\/b><b><i> gobernadora de BC, Marina del Pilar \u00c1vila.<\/i><\/b><b><\/b><\/p>\n<p style=\"text-align: left;\" align=\"center\"><b>\u2022\u00a0<\/b><b><i>El nuevo complejo fabril est\u00e1 proyectado en<\/i><\/b><b><i>\u00a0<\/i><\/b><b><i>180 Has.<\/i><\/b><b><\/b><\/p>\n<p style=\"text-align: left;\" align=\"center\"><b>\u2022\u00a0<\/b><b><i>Estar\u00e1 integrado a Ciudad Natura, complejo habitacional con 17,000 viviendas habitadas y construidas por Ruba, en una comunidad con fuerte demanda de empleo.<\/i><\/b><b><\/b><\/p>\n<p><strong><i>Tijuana, BC.- <\/i><\/strong>Grupo Ruba que despu\u00e9s de 44 a\u00f1os se ha colocado como la principal inmobiliaria en el desarrollo de vivienda horizontal en el pa\u00eds y con diversificaci\u00f3n en vivienda vertical y departamentos en renta en Estados Unidos y en Ciudad Ju\u00e1rez, hoy incursiona en un parque industrial en alianza con su socio Grupo Musa en Tijuana.<\/p>\n<p>As\u00ed, el banderazo de arranque de lo que ser\u00e1 uno de los mayores complejos industriales de Tijuana fue dado este martes 19 en esta frontera, para arrancar la construcci\u00f3n de la primera etapa de 20 hect\u00e1reas de un total de 180 del Parque Industrial Natura y a ser terminadas sus primeras naves de 18,000 metros cuadrados a finales de 2025 y en operaci\u00f3n total en 2027, con una generaci\u00f3n de 27,000 empleos directos y con una inversi\u00f3n de 18,400 millones de pesos.<\/p>\n<p>El Parque Industrial Natura es un proyecto de Grupo Ruba y Grupo Musa a ser integrado al complejo habitacional Natura de Ruba y Musa, donde ya existen 17,000 viviendas habitadas &#8211;con una proyecci\u00f3n de 48,000&#8211; y todos los servicios de comercio y equipamientos urbanos, ahora con empleo industrial en la zona en este complejo industrial.<\/p>\n<p>Entre las ventajas del nuevo polo fabril del bulevar Garc\u00eda se cuentan la de tener una ubicaci\u00f3n estrat\u00e9gica de favorable log\u00edstica con la muy cercana salida al mar por Ensenada a Asia y Europa y por tierra hacia la Uni\u00f3n Americana por la contigua Otay Mesa; as\u00ed como talento humano en las inmediaciones, energ\u00eda garantizada, accesos controlados, infraestructura integral y sostenible y expansi\u00f3n flexible.<\/p>\n<p>La ceremonia de arranque de obra fue encabezada por la gobernadora de Baja California, Marina del Pilar \u00c1vila; por el alcalde de Tijuana, Ismael Burgue\u00f1o; por los presidentes\u00a0del Consejo de Administraci\u00f3n de Ruba, Luis Enrique Terrazas, y de Grupo Musa, Carlo M\u00fazquiz; por los directores generales de Ruba, Jes\u00fas Sandoval, y Musa, Martha Fuentes; as\u00ed como por el director de Ruba Tijuana, Carlos Legarreta.<\/p>\n<p>Durante la ceremonia fueron mencionados los 6 fundamentos del nuevo parque industrial, como son: conectividad, innovaci\u00f3n, sostenibilidad, comunidad, rentabilidad y calidad. En tanto, con maquinaria iniciaron los trabajos de ingenier\u00eda por terrenos que pronto ser\u00e1n industrias y pujante actividad econ\u00f3mica de Baja California y del pa\u00eds.<\/p>\n<p>Ruba es la principal desarrolladora de M\u00e9xico en t\u00e9rminos de ingresos, utilidad y rentabilidad. Mantiene operaciones en 16 ciudades de 12 estados. En sus 44 a\u00f1os ha dotado de vivienda a 250,000 familias.<\/p>\n","protected":false},"excerpt":{"rendered":"<p>\u2022\u00a0De ser referente en vivienda horizontal, se expande con vivienda vertical y departamentos en renta en Ciudad Ju\u00e1rez y Estados Unidos, y ahora con naves industriales en la frontera con California. \u2022\u00a0Banderazo de arranque por la gobernadora de BC, Marina del Pilar \u00c1vila. \u2022\u00a0El nuevo complejo fabril est\u00e1 proyectado en\u00a0180 Has. \u2022\u00a0Estar\u00e1 integrado a Ciudad [&hellip;]<\/p>\n","protected":false},"author":1,"featured_media":71453,"comment_status":"closed","ping_status":"open","sticky":false,"template":"","format":"standard","meta":{"rop_custom_images_group":[],"rop_custom_messages_group":[],"rop_publish_now":"initial","rop_publish_now_accounts":[],"rop_publish_now_history":[],"rop_publish_now_status":"pending","footnotes":""},"categories":[67,61,72,66],"tags":[],"class_list":["post-71452","post","type-post","status-publish","format-standard","has-post-thumbnail","hentry","category-ciudad","category-economia","category-estado","category-estilo-de-vida"],"_links":{"self":[{"href":"https:\/\/notiissa.mx\/index.php?rest_route=\/wp\/v2\/posts\/71452","targetHints":{"allow":["GET"]}}],"collection":[{"href":"https:\/\/notiissa.mx\/index.php?rest_route=\/wp\/v2\/posts"}],"about":[{"href":"https:\/\/notiissa.mx\/index.php?rest_route=\/wp\/v2\/types\/post"}],"author":[{"embeddable":true,"href":"https:\/\/notiissa.mx\/index.php?rest_route=\/wp\/v2\/users\/1"}],"replies":[{"embeddable":true,"href":"https:\/\/notiissa.mx\/index.php?rest_route=%2Fwp%2Fv2%2Fcomments&post=71452"}],"version-history":[{"count":1,"href":"https:\/\/notiissa.mx\/index.php?rest_route=\/wp\/v2\/posts\/71452\/revisions"}],"predecessor-version":[{"id":71454,"href":"https:\/\/notiissa.mx\/index.php?rest_route=\/wp\/v2\/posts\/71452\/revisions\/71454"}],"wp:featuredmedia":[{"embeddable":true,"href":"https:\/\/notiissa.mx\/index.php?rest_route=\/wp\/v2\/media\/71453"}],"wp:attachment":[{"href":"https:\/\/notiissa.mx\/index.php?rest_route=%2Fwp%2Fv2%2Fmedia&parent=71452"}],"wp:term":[{"taxonomy":"category","embeddable":true,"href":"https:\/\/notiissa.mx\/index.php?rest_route=%2Fwp%2Fv2%2Fcategories&post=71452"},{"taxonomy":"post_tag","embeddable":true,"href":"https:\/\/notiissa.mx\/index.php?rest_route=%2Fwp%2Fv2%2Ftags&post=71452"}],"curies":[{"name":"wp","href":"https:\/\/api.w.org\/{rel}","templated":true}]}}