{"id":71420,"date":"2024-11-20T12:44:40","date_gmt":"2024-11-20T19:44:40","guid":{"rendered":"https:\/\/notiissa.mx\/?p=71420"},"modified":"2024-11-20T12:44:40","modified_gmt":"2024-11-20T19:44:40","slug":"se-capacitan-regidoras-y-regidores-en-materia-de-genero","status":"publish","type":"post","link":"https:\/\/notiissa.mx\/?p=71420","title":{"rendered":"Se capacitan Regidoras y Regidores en materia de g\u00e9nero"},"content":{"rendered":"<p class=\"yiv6930253702MsoNormal\"><strong>Ciudad de Chihuahua.-<\/strong> En conmemoraci\u00f3n previa al D\u00eda Internacional para la Eliminaci\u00f3n de la Violencia contra las Mujeres que ser\u00e1 el pr\u00f3ximo 25 de noviembre, las y los Regidores, as\u00ed como asesores de la administraci\u00f3n municipal de Chihuahua asistieron a la capacitaci\u00f3n de perspectiva de g\u00e9nero, organizada por el Consejo de Prevenci\u00f3n Social de la Violencia y la Delincuencia del Municipio de Chihuahua (COPREV) y promovido por la Regidora del PAN Paty Ulate.<\/p>\n<p class=\"yiv6930253702MsoNormal\">Las ponentes Ing. Melina Trevizo del Instituto Municipal de las Mujeres disert\u00f3 con el tema \u00abPerspectiva de G\u00e9nero\u00bb; el tema de \u00abPresupuestos con Perspectiva de G\u00e9nero\u00bb corri\u00f3 por parte del Instituto Chihuahuense de las Mujeres.<\/p>\n<p class=\"yiv6930253702MsoNormal\">Muy destacada la participaci\u00f3n de Graciela Ramos de Mujeres por M\u00e9xico y creadora de las Unidades de Atenci\u00f3n a la Violencia Familiar (UAVIS) resalt\u00f3 la importancia de que el H. Ayuntamiento contin\u00fae estableciendo pol\u00edticas p\u00fablicas para prevenir y disminuir los \u00edndices de violencia que se comete en contra de las mujeres.<\/p>\n<p class=\"yiv6930253702MsoNormal\">La Mtra. Ariana Barajas Contreras presidenta de la Comisi\u00f3n de G\u00e9nero del Consejo de Prevenci\u00f3n (COPREV) con participaci\u00f3n de la Regidora presidenta de la Comisi\u00f3n de Mujer, Familia, Equidad de G\u00e9nero y Derechos de las Ni\u00f1as, Ni\u00f1os y Adolescentes Paty Ulate, convoc\u00f3 a estas conferencias y capacitaci\u00f3n.<\/p>\n<p class=\"yiv6930253702MsoNormal\">Esta capacitaci\u00f3n representa un paso importante en el compromiso municipal para promover la igualdad de g\u00e9nero y prevenir la violencia.<\/p>\n<p class=\"yiv6930253702MsoNormal\">Estuvieron presentes las Regidoras del PAN: Isela Mart\u00ednez, Joni Barajas, Myrna Monge, as\u00ed como Regidores: Ernesto Ibarra, Adan Galicia y ediles de otras fracciones edilicias que conforman el Ayuntamiento.<\/p>\n<p class=\"yiv6930253702MsoNormal\">La convocatoria se sustenta en los art\u00edculos 158 del Reglamento de Participaci\u00f3n Ciudadana y de Ni\u00f1as, Ni\u00f1os, Adolescentes y Juventudes del Municipio de Chihuahua, y 13 de los Lineamientos Internos de Operaci\u00f3n del Consejo de Prevenci\u00f3n Social de la Violencia y la Delincuencia.<\/p>\n","protected":false},"excerpt":{"rendered":"<p>Ciudad de Chihuahua.- En conmemoraci\u00f3n previa al D\u00eda Internacional para la Eliminaci\u00f3n de la Violencia contra las Mujeres que ser\u00e1 el pr\u00f3ximo 25 de noviembre, las y los Regidores, as\u00ed como asesores de la administraci\u00f3n municipal de Chihuahua asistieron a la capacitaci\u00f3n de perspectiva de g\u00e9nero, organizada por el Consejo de Prevenci\u00f3n Social de la [&hellip;]<\/p>\n","protected":false},"author":1,"featured_media":71421,"comment_status":"closed","ping_status":"open","sticky":false,"template":"","format":"standard","meta":{"rop_custom_images_group":[],"rop_custom_messages_group":[],"rop_publish_now":"initial","rop_publish_now_accounts":[],"rop_publish_now_history":[],"rop_publish_now_status":"pending","footnotes":""},"categories":[67],"tags":[23],"class_list":["post-71420","post","type-post","status-publish","format-standard","has-post-thumbnail","hentry","category-ciudad","tag-destacado"],"_links":{"self":[{"href":"https:\/\/notiissa.mx\/index.php?rest_route=\/wp\/v2\/posts\/71420","targetHints":{"allow":["GET"]}}],"collection":[{"href":"https:\/\/notiissa.mx\/index.php?rest_route=\/wp\/v2\/posts"}],"about":[{"href":"https:\/\/notiissa.mx\/index.php?rest_route=\/wp\/v2\/types\/post"}],"author":[{"embeddable":true,"href":"https:\/\/notiissa.mx\/index.php?rest_route=\/wp\/v2\/users\/1"}],"replies":[{"embeddable":true,"href":"https:\/\/notiissa.mx\/index.php?rest_route=%2Fwp%2Fv2%2Fcomments&post=71420"}],"version-history":[{"count":1,"href":"https:\/\/notiissa.mx\/index.php?rest_route=\/wp\/v2\/posts\/71420\/revisions"}],"predecessor-version":[{"id":71422,"href":"https:\/\/notiissa.mx\/index.php?rest_route=\/wp\/v2\/posts\/71420\/revisions\/71422"}],"wp:featuredmedia":[{"embeddable":true,"href":"https:\/\/notiissa.mx\/index.php?rest_route=\/wp\/v2\/media\/71421"}],"wp:attachment":[{"href":"https:\/\/notiissa.mx\/index.php?rest_route=%2Fwp%2Fv2%2Fmedia&parent=71420"}],"wp:term":[{"taxonomy":"category","embeddable":true,"href":"https:\/\/notiissa.mx\/index.php?rest_route=%2Fwp%2Fv2%2Fcategories&post=71420"},{"taxonomy":"post_tag","embeddable":true,"href":"https:\/\/notiissa.mx\/index.php?rest_route=%2Fwp%2Fv2%2Ftags&post=71420"}],"curies":[{"name":"wp","href":"https:\/\/api.w.org\/{rel}","templated":true}]}}