{"id":70929,"date":"2024-11-06T08:46:21","date_gmt":"2024-11-06T15:46:21","guid":{"rendered":"https:\/\/notiissa.mx\/?p=70929"},"modified":"2024-11-06T08:46:21","modified_gmt":"2024-11-06T15:46:21","slug":"trump-en-su-discurso-de-victoria-no-mas-guerras-durante-mi-mandato","status":"publish","type":"post","link":"https:\/\/notiissa.mx\/?p=70929","title":{"rendered":"Trump en su discurso de victoria: \u00abNo m\u00e1s guerras durante mi mandato\u00bb"},"content":{"rendered":"<p>El candidato republicano se har\u00eda con su segundo mandato como presidente de EE.UU.<\/p>\n<p>El candidato republicano a la Presidencia de EE.UU., Donald Trump, se dirigi\u00f3 a los estadounidenses la madrugada de este mi\u00e9rcoles desde su residencia de Mar-a-Lago, en Florida, tras confirmarse que aventajaba claramente a la actual vicepresidenta del pa\u00eds, Kamala Harris, seg\u00fan resultados preliminares.<\/p>\n<p>\u00abEs evidente que lo hicimos, que logramos la <strong>victoria m\u00e1s incre\u00edble en sentido pol\u00edtico<\/strong>\u00ab, declar\u00f3 Trump.\u00a0\u00abEs una victoria pol\u00edtica <strong>que nuestro pa\u00eds nunca ha visto<\/strong> y me gustar\u00eda darle las gracias a los ciudadanos estadounidenses\u00bb, agreg\u00f3.\u00a0El candidato republicano se\u00f1al\u00f3 que para \u00e9l \u00abes\u00a0el\u00a0extraordinario honor\u00bb<strong>\u00a0<\/strong>ser elegido como el 47.\u00ba presidente de EE.UU.<\/p>\n<h3>\u00abEdad de oro\u00bb<\/h3>\n<p>\u00abLuchar\u00e9 por ustedes, por su familia y por su futuro. Cada d\u00eda luchar\u00e9 por ustedes y con cada aliento de mi cuerpo. No descansar\u00e9 hasta que hayamos conseguido el EE.UU. fuerte, seguro y pr\u00f3spero\u00a0que nuestros hijos merecen y que ustedes merecen\u00bb, se\u00f1al\u00f3 Trump.<\/p>\n<p>\u00abEsta ser\u00e1 verdaderamente la edad de oro de EE.UU.\u00bb, prometi\u00f3.<\/p>\n<p>El republicano reiter\u00f3 que se trata de \u00abuna <strong>victoria magn\u00edfica<\/strong> para los ciudadanos de EE.UU.\u00bb que \u00abpermitir\u00e1 hacer grande a EE.UU.\u00bb.\u00a0\u00abEl d\u00eda de hoy ser\u00e1 recordado por siempre como <strong>el d\u00eda en que el pueblo estadounidense recuper\u00f3 el control de su pa\u00eds<\/strong>\u00ab, sentenci\u00f3 Trump.<\/p>\n<h3>\u00abDetener las guerras\u00bb<\/h3>\n<p>El pol\u00edtico republicano record\u00f3 que durante su primer mandato presidencial \u00abno hubo guerras\u00bb y prometi\u00f3 que cuando se convierta de nuevo en el inquilino de la Casa Blanca no habr\u00e1 nuevos conflictos armados. \u00ab<strong>No m\u00e1s guerras durante mi mandato<\/strong>\u00ab, asegur\u00f3.<\/p>\n<p>\u00abEllos dijeron que voy a iniciar una guerra. No voy a iniciar una guerra.<strong> Voy a detener las guerras<\/strong>\u00ab, asever\u00f3 Trump, que calific\u00f3 su triunfo en las presidenciales como \u00abuna victoria enorme para la democracia y la libertad\u00bb.<\/p>\n<p>Asimismo, Trump indic\u00f3 que \u00abes hora de dejar atr\u00e1s las divisiones de los \u00faltimos cuatro a\u00f1os\u00bb. \u00abEs hora de unirnos\u00bb, insisti\u00f3.<\/p>\n<p>Adem\u00e1s, el pol\u00edtico republicano anunci\u00f3 que su <strong>partido mantendr\u00e1 el control<\/strong> de la C\u00e1mara de Representantes de EE.UU. y tomar\u00e1 el control del Senado.\u00a0A continuaci\u00f3n, dio la palabra a su compa\u00f1ero de f\u00f3rmula, el senador J.D. Vance, quien afirm\u00f3 que la victoria de Trump supone para el pa\u00eds \u00abla <strong>mayor recuperaci\u00f3n pol\u00edtica en la historia de EE.UU.<\/strong>\u00ab. Tras tomar la palabra, el candidato republicano coment\u00f3 que Vance \u00abresult\u00f3 ser una buena elecci\u00f3n\u00bb para ser el pr\u00f3ximo vicepresidente estadounidense.<\/p>\n<p>RT.<\/p>\n","protected":false},"excerpt":{"rendered":"<p>El candidato republicano se har\u00eda con su segundo mandato como presidente de EE.UU. El candidato republicano a la Presidencia de EE.UU., Donald Trump, se dirigi\u00f3 a los estadounidenses la madrugada de este mi\u00e9rcoles desde su residencia de Mar-a-Lago, en Florida, tras confirmarse que aventajaba claramente a la actual vicepresidenta del pa\u00eds, Kamala Harris, seg\u00fan resultados [&hellip;]<\/p>\n","protected":false},"author":1,"featured_media":70930,"comment_status":"closed","ping_status":"open","sticky":false,"template":"","format":"standard","meta":{"rop_custom_images_group":[],"rop_custom_messages_group":[],"rop_publish_now":"initial","rop_publish_now_accounts":[],"rop_publish_now_history":[],"rop_publish_now_status":"pending","footnotes":""},"categories":[60],"tags":[],"class_list":["post-70929","post","type-post","status-publish","format-standard","has-post-thumbnail","hentry","category-sonnoticia"],"_links":{"self":[{"href":"https:\/\/notiissa.mx\/index.php?rest_route=\/wp\/v2\/posts\/70929","targetHints":{"allow":["GET"]}}],"collection":[{"href":"https:\/\/notiissa.mx\/index.php?rest_route=\/wp\/v2\/posts"}],"about":[{"href":"https:\/\/notiissa.mx\/index.php?rest_route=\/wp\/v2\/types\/post"}],"author":[{"embeddable":true,"href":"https:\/\/notiissa.mx\/index.php?rest_route=\/wp\/v2\/users\/1"}],"replies":[{"embeddable":true,"href":"https:\/\/notiissa.mx\/index.php?rest_route=%2Fwp%2Fv2%2Fcomments&post=70929"}],"version-history":[{"count":1,"href":"https:\/\/notiissa.mx\/index.php?rest_route=\/wp\/v2\/posts\/70929\/revisions"}],"predecessor-version":[{"id":70931,"href":"https:\/\/notiissa.mx\/index.php?rest_route=\/wp\/v2\/posts\/70929\/revisions\/70931"}],"wp:featuredmedia":[{"embeddable":true,"href":"https:\/\/notiissa.mx\/index.php?rest_route=\/wp\/v2\/media\/70930"}],"wp:attachment":[{"href":"https:\/\/notiissa.mx\/index.php?rest_route=%2Fwp%2Fv2%2Fmedia&parent=70929"}],"wp:term":[{"taxonomy":"category","embeddable":true,"href":"https:\/\/notiissa.mx\/index.php?rest_route=%2Fwp%2Fv2%2Fcategories&post=70929"},{"taxonomy":"post_tag","embeddable":true,"href":"https:\/\/notiissa.mx\/index.php?rest_route=%2Fwp%2Fv2%2Ftags&post=70929"}],"curies":[{"name":"wp","href":"https:\/\/api.w.org\/{rel}","templated":true}]}}