{"id":69812,"date":"2024-10-07T13:29:22","date_gmt":"2024-10-07T19:29:22","guid":{"rendered":"https:\/\/notiissa.mx\/?p=69812"},"modified":"2024-10-07T13:29:22","modified_gmt":"2024-10-07T19:29:22","slug":"preside-joss-vega-comision-de-obras-y-servicios-publicos","status":"publish","type":"post","link":"https:\/\/notiissa.mx\/?p=69812","title":{"rendered":"Preside Joss Vega Comisi\u00f3n de Obras y Servicios P\u00fablicos"},"content":{"rendered":"<p><strong>Desarrollo y Movilidad Urbana.<\/strong><\/p>\n<p><strong>Chihuahua.-<\/strong> Se llev\u00f3 a cabo la instalaci\u00f3n de la Comisi\u00f3n de Obras, Servicios P\u00fablicos, Desarrollo y Movilidad Urbana en el Congreso local, presidida por la diputada Joss Vega, representante del Partido Acci\u00f3n Nacional (PAN). Durante su intervenci\u00f3n, Vega destac\u00f3 la importancia de esta comisi\u00f3n para el bienestar de las y los chihuahuenses, asumiendo con orgullo y responsabilidad la tarea de liderar los trabajos legislativos relacionados con estos temas.<\/p>\n<p>\u201cEs un verdadero honor presidir esta comisi\u00f3n, y agradezco la confianza que mis compa\u00f1eros diputados han depositado en m\u00ed. Nuestro compromiso es trabajar para impulsar un desarrollo urbano que refleje mejoras en la vida cotidiana de las personas, poniendo siempre en el centro de nuestras decisiones a quienes m\u00e1s lo necesitan\u201d, afirm\u00f3 Vega.<\/p>\n<p>La diputada tambi\u00e9n subray\u00f3 la importancia de la colaboraci\u00f3n entre el sector p\u00fablico, privado y acad\u00e9mico para alcanzar los objetivos de la comisi\u00f3n, y se\u00f1al\u00f3 que las decisiones tomadas tendr\u00e1n un impacto directo en la calidad de vida de las familias chihuahuenses.<\/p>\n<p>El evento cont\u00f3 con la participaci\u00f3n de figuras clave, entre ellas:<\/p>\n<p>\u2022 Mtro. Jorge Ignacio Chanez Pe\u00f1a, Secretario de Comunicaci\u00f3n y Obras P\u00fablicas<br \/>\n\u2022 Mtro. Gabriel Mart\u00edn Valdez Ju\u00e1rez, Secretario de Desarrollo Urbano y Ecolog\u00eda<br \/>\n\u2022 Lic. Carlos Alberto Rivas Mart\u00ednez, Director de Obras P\u00fablicas<br \/>\n\u2022 Javier Emilio Cruz Valenzuela, en representaci\u00f3n de la Directora de Desarrollo Urbano y Ecolog\u00eda<br \/>\n\u2022 MDU. Alondra Mar\u00eda Mart\u00ednez Ay\u00f3n, Directora del Instituto Municipal de Planeaci\u00f3n Integral (IMPLAN)<br \/>\n\u2022 Arq. Pervinca Esparza Rosas, Presidenta de la Barra de Arquitectos de Chihuahua A.C.<br \/>\n\u2022 Arq. Carlos Villalobos, en representaci\u00f3n de la Barra de Arquitectos de Chihuahua A.C.<br \/>\n\u2022 Ing. Lizeth Chac\u00f3n Prieto, Presidenta del Colegio de Ingenieros Civiles de Chihuahua A.C.<br \/>\n\u2022 Lic. Lilia Ana M\u00e9ndez Renter\u00eda, Directora de la C\u00e1mara Nacional de la Industria de Desarrollo y Promoci\u00f3n de Vivienda (CANADEVI)<br \/>\n\u2022 Ing. Oscar Alejandro Derma Delgado, Gerente General del Consejo de Urbanizaci\u00f3n Municipal de Chihuahua (CUM)<br \/>\n\u2022 Ing. Julio C\u00e9sar Mercado Rodr\u00edguez, Presidente de la C\u00e1mara Mexicana de la Industria de la Construcci\u00f3n (CMIC)<br \/>\n\u2022 C. Leopoldo Mares Delgado, Presidente de la C\u00e1mara de Propietarios de Bienes Inmuebles<br \/>\n\u2022 Lic. Omar Ure\u00f1a Araujo, Director de la C\u00e1mara de Propietarios de Bienes Inmuebles<br \/>\n\u2022 Arq. Mario Lugo Mart\u00ednez, Presidente del Consejo Municipal de Ordenamiento Territorial y Desarrollo Urbano<\/p>\n<p>Joss Vega, en su calidad de presidenta de la comisi\u00f3n, asegur\u00f3 que se trabajar\u00e1 sin descanso para impulsar pol\u00edticas p\u00fablicas que garanticen obras de calidad y un desarrollo urbano que respete el entorno y mejore la calidad de vida de los habitantes del estado de Chihuahua.<\/p>\n","protected":false},"excerpt":{"rendered":"<p>Desarrollo y Movilidad Urbana. Chihuahua.- Se llev\u00f3 a cabo la instalaci\u00f3n de la Comisi\u00f3n de Obras, Servicios P\u00fablicos, Desarrollo y Movilidad Urbana en el Congreso local, presidida por la diputada Joss Vega, representante del Partido Acci\u00f3n Nacional (PAN). Durante su intervenci\u00f3n, Vega destac\u00f3 la importancia de esta comisi\u00f3n para el bienestar de las y los [&hellip;]<\/p>\n","protected":false},"author":1,"featured_media":69813,"comment_status":"closed","ping_status":"open","sticky":false,"template":"","format":"standard","meta":{"rop_custom_images_group":[],"rop_custom_messages_group":[],"rop_publish_now":"initial","rop_publish_now_accounts":[],"rop_publish_now_history":[],"rop_publish_now_status":"pending","footnotes":""},"categories":[67,72],"tags":[],"class_list":["post-69812","post","type-post","status-publish","format-standard","has-post-thumbnail","hentry","category-ciudad","category-estado"],"_links":{"self":[{"href":"https:\/\/notiissa.mx\/index.php?rest_route=\/wp\/v2\/posts\/69812","targetHints":{"allow":["GET"]}}],"collection":[{"href":"https:\/\/notiissa.mx\/index.php?rest_route=\/wp\/v2\/posts"}],"about":[{"href":"https:\/\/notiissa.mx\/index.php?rest_route=\/wp\/v2\/types\/post"}],"author":[{"embeddable":true,"href":"https:\/\/notiissa.mx\/index.php?rest_route=\/wp\/v2\/users\/1"}],"replies":[{"embeddable":true,"href":"https:\/\/notiissa.mx\/index.php?rest_route=%2Fwp%2Fv2%2Fcomments&post=69812"}],"version-history":[{"count":1,"href":"https:\/\/notiissa.mx\/index.php?rest_route=\/wp\/v2\/posts\/69812\/revisions"}],"predecessor-version":[{"id":69814,"href":"https:\/\/notiissa.mx\/index.php?rest_route=\/wp\/v2\/posts\/69812\/revisions\/69814"}],"wp:featuredmedia":[{"embeddable":true,"href":"https:\/\/notiissa.mx\/index.php?rest_route=\/wp\/v2\/media\/69813"}],"wp:attachment":[{"href":"https:\/\/notiissa.mx\/index.php?rest_route=%2Fwp%2Fv2%2Fmedia&parent=69812"}],"wp:term":[{"taxonomy":"category","embeddable":true,"href":"https:\/\/notiissa.mx\/index.php?rest_route=%2Fwp%2Fv2%2Fcategories&post=69812"},{"taxonomy":"post_tag","embeddable":true,"href":"https:\/\/notiissa.mx\/index.php?rest_route=%2Fwp%2Fv2%2Ftags&post=69812"}],"curies":[{"name":"wp","href":"https:\/\/api.w.org\/{rel}","templated":true}]}}