{"id":69344,"date":"2024-09-25T10:23:08","date_gmt":"2024-09-25T16:23:08","guid":{"rendered":"https:\/\/notiissa.mx\/?p=69344"},"modified":"2024-09-25T10:23:08","modified_gmt":"2024-09-25T16:23:08","slug":"queda-la-regidora-del-pan-joni-barajas-en-la-comision-de-sociedad-civil-organizada","status":"publish","type":"post","link":"https:\/\/notiissa.mx\/?p=69344","title":{"rendered":"Queda la regidora del PAN Joni Barajas en la Comisi\u00f3n de Sociedad Civil Organizada"},"content":{"rendered":"<p><i>Asuntos Religiosos y Comunidades Ind\u00edgenas.<\/i><\/p>\n<p class=\"yiv2286769747MsoNormal\"><strong>Ciudad de Chihuahua.-<\/strong> La Comisi\u00f3n de Sociedad Civil Organizada, Asuntos Religiosos y Comunidades Ind\u00edgenas del Ayuntamiento de Chihuahua qued\u00f3 formalmente instalada bajo la presidencia de la Regidora del PAN, Joni Barajas. La Regidora del PRD, Nina Garc\u00eda, asumir\u00e1 el cargo de Secretaria, mientras que el Regidor del PRD, Omar M\u00e1rquez, actuar\u00e1 como Vocal.<\/p>\n<p class=\"yiv2286769747MsoNormal\">Este equipo de trabajo est\u00e1 listo para abordar los proyectos e iniciativas que beneficiar\u00e1n a las comunidades ind\u00edgenas del Municipio de Chihuahua. En breve, compartir\u00e1n sus planes y estrategias para impulsar el desarrollo y la inclusi\u00f3n en el Municipio de Chihuahua.<\/p>\n<p class=\"yiv2286769747MsoNormal\">Con esta comisi\u00f3n, el Ayuntamiento de Chihuahua refuerza su compromiso con la sociedad civil organizada y la atenci\u00f3n a las necesidades de las comunidades ind\u00edgenas. La colaboraci\u00f3n y el di\u00e1logo ser\u00e1n fundamentales para lograr avances significativos en estos \u00e1mbitos, expres\u00f3 la Regidora Joni Barajas.<\/p>\n<p class=\"yiv2286769747MsoNormal\">Al igual que las dem\u00e1s comisiones del Ayuntamiento de Chihuahua, la de Sociedad Civil Organizada, Asuntos Religiosos y Comunidades Ind\u00edgenas trabajar\u00e1n en coordinaci\u00f3n con el alcalde Marco Bonilla y las dependencias que integran la administraci\u00f3n municipal para llevar los programas y la atenci\u00f3n a estos grupos.<\/p>\n","protected":false},"excerpt":{"rendered":"<p>Asuntos Religiosos y Comunidades Ind\u00edgenas. Ciudad de Chihuahua.- La Comisi\u00f3n de Sociedad Civil Organizada, Asuntos Religiosos y Comunidades Ind\u00edgenas del Ayuntamiento de Chihuahua qued\u00f3 formalmente instalada bajo la presidencia de la Regidora del PAN, Joni Barajas. La Regidora del PRD, Nina Garc\u00eda, asumir\u00e1 el cargo de Secretaria, mientras que el Regidor del PRD, Omar M\u00e1rquez, [&hellip;]<\/p>\n","protected":false},"author":1,"featured_media":69345,"comment_status":"closed","ping_status":"open","sticky":false,"template":"","format":"standard","meta":{"rop_custom_images_group":[],"rop_custom_messages_group":[],"rop_publish_now":"initial","rop_publish_now_accounts":[],"rop_publish_now_history":[],"rop_publish_now_status":"pending","footnotes":""},"categories":[67],"tags":[],"class_list":["post-69344","post","type-post","status-publish","format-standard","has-post-thumbnail","hentry","category-ciudad"],"_links":{"self":[{"href":"https:\/\/notiissa.mx\/index.php?rest_route=\/wp\/v2\/posts\/69344","targetHints":{"allow":["GET"]}}],"collection":[{"href":"https:\/\/notiissa.mx\/index.php?rest_route=\/wp\/v2\/posts"}],"about":[{"href":"https:\/\/notiissa.mx\/index.php?rest_route=\/wp\/v2\/types\/post"}],"author":[{"embeddable":true,"href":"https:\/\/notiissa.mx\/index.php?rest_route=\/wp\/v2\/users\/1"}],"replies":[{"embeddable":true,"href":"https:\/\/notiissa.mx\/index.php?rest_route=%2Fwp%2Fv2%2Fcomments&post=69344"}],"version-history":[{"count":1,"href":"https:\/\/notiissa.mx\/index.php?rest_route=\/wp\/v2\/posts\/69344\/revisions"}],"predecessor-version":[{"id":69346,"href":"https:\/\/notiissa.mx\/index.php?rest_route=\/wp\/v2\/posts\/69344\/revisions\/69346"}],"wp:featuredmedia":[{"embeddable":true,"href":"https:\/\/notiissa.mx\/index.php?rest_route=\/wp\/v2\/media\/69345"}],"wp:attachment":[{"href":"https:\/\/notiissa.mx\/index.php?rest_route=%2Fwp%2Fv2%2Fmedia&parent=69344"}],"wp:term":[{"taxonomy":"category","embeddable":true,"href":"https:\/\/notiissa.mx\/index.php?rest_route=%2Fwp%2Fv2%2Fcategories&post=69344"},{"taxonomy":"post_tag","embeddable":true,"href":"https:\/\/notiissa.mx\/index.php?rest_route=%2Fwp%2Fv2%2Ftags&post=69344"}],"curies":[{"name":"wp","href":"https:\/\/api.w.org\/{rel}","templated":true}]}}