{"id":6736,"date":"2015-10-28T00:15:10","date_gmt":"2015-10-28T00:15:10","guid":{"rendered":"http:\/\/notiissa.mx\/?p=6736"},"modified":"2015-10-28T00:15:10","modified_gmt":"2015-10-28T00:15:10","slug":"que-paises-de-america-latina-consumen-mas-carne-procesada","status":"publish","type":"post","link":"https:\/\/notiissa.mx\/?p=6736","title":{"rendered":"\u00bfQu\u00e9 pa\u00edses de Am\u00e9rica Latina consumen m\u00e1s carne procesada?"},"content":{"rendered":"<div class=\"arcticle-summary\">\n<p style=\"text-align: justify;\">Tras la confirmaci\u00f3n de la Organizaci\u00f3n Mundial de la Salud (OMS)\u00a0de que la carne roja y, en general, las procesadas\u00a0est\u00e1n consideradas como posibles agentes cancer\u00edgenos se ha hecho p\u00fablico un estudio al respecto de su consumo en los pa\u00edses latinoamericanos.<\/p>\n<\/div>\n<div class=\"arcticle-content\">\n<p style=\"text-align: justify;\">Esta semana la OMS <a href=\"https:\/\/actualidad.rt.com\/ciencias\/189704-oms-salchichas-jamon-carne-cancer\" target=\"_blank\">ha confirmado<\/a> que el consumo de carne roja y procesada es \u00abprobablemente cancer\u00edgeno\u00bb para los humanos por su relaci\u00f3n directa con el desarrollo de c\u00e1ncer colorrectal entre otros. Seg\u00fan una informaci\u00f3n de\u00a0<a href=\"http:\/\/www.publimetro.com.mx\/noticias\/estos-son-los-paises-de-america-latina-lideres-en-consumo-de-carnes-procesadas\/XeSojz%216zO5DNexp2bcweOomutQ9w\/\" target=\"_blank\">&#8216;Publimetro&#8217;<\/a>, la firma internacional Euromotinor realiz\u00f3 en 2013 un estudio de mercadeo en el cual <strong>Chile ocupa el primer lugar <\/strong>en el continente Latinoamericano en consumo de carne procesada con 8,1 kilos por persona y Argentina se sit\u00faa en segundo lugar con un consumo de 7,4 kilos seguida por Uruguay y Brasil.<\/p>\n<p style=\"text-align: justify;\">Por\u00a0 otra parte, la compa\u00f1\u00eda Datamonitor, especializada en an\u00e1lisis de datos y de mercado, inform\u00f3 de que las carnes procesadas ocupan el primer lugar dentro de la l\u00ednea de negocios en la industria alimentaria con un 20 por ciento seguida de la comida refrigerada con el 17 por ciento.<\/p>\n<\/div>\n","protected":false},"excerpt":{"rendered":"<p>Tras la confirmaci\u00f3n de la Organizaci\u00f3n Mundial de la Salud (OMS)\u00a0de que la carne roja y, en general, las procesadas\u00a0est\u00e1n consideradas como posibles agentes cancer\u00edgenos se ha hecho p\u00fablico un estudio al respecto de su consumo en los pa\u00edses latinoamericanos. Esta semana la OMS ha confirmado que el consumo de carne roja y procesada es [&hellip;]<\/p>\n","protected":false},"author":1,"featured_media":6737,"comment_status":"open","ping_status":"open","sticky":false,"template":"","format":"standard","meta":{"rop_custom_images_group":[],"rop_custom_messages_group":[],"rop_publish_now":"initial","rop_publish_now_accounts":[],"rop_publish_now_history":[],"rop_publish_now_status":"pending","footnotes":""},"categories":[66],"tags":[],"class_list":["post-6736","post","type-post","status-publish","format-standard","has-post-thumbnail","hentry","category-estilo-de-vida"],"_links":{"self":[{"href":"https:\/\/notiissa.mx\/index.php?rest_route=\/wp\/v2\/posts\/6736","targetHints":{"allow":["GET"]}}],"collection":[{"href":"https:\/\/notiissa.mx\/index.php?rest_route=\/wp\/v2\/posts"}],"about":[{"href":"https:\/\/notiissa.mx\/index.php?rest_route=\/wp\/v2\/types\/post"}],"author":[{"embeddable":true,"href":"https:\/\/notiissa.mx\/index.php?rest_route=\/wp\/v2\/users\/1"}],"replies":[{"embeddable":true,"href":"https:\/\/notiissa.mx\/index.php?rest_route=%2Fwp%2Fv2%2Fcomments&post=6736"}],"version-history":[{"count":1,"href":"https:\/\/notiissa.mx\/index.php?rest_route=\/wp\/v2\/posts\/6736\/revisions"}],"predecessor-version":[{"id":6738,"href":"https:\/\/notiissa.mx\/index.php?rest_route=\/wp\/v2\/posts\/6736\/revisions\/6738"}],"wp:featuredmedia":[{"embeddable":true,"href":"https:\/\/notiissa.mx\/index.php?rest_route=\/wp\/v2\/media\/6737"}],"wp:attachment":[{"href":"https:\/\/notiissa.mx\/index.php?rest_route=%2Fwp%2Fv2%2Fmedia&parent=6736"}],"wp:term":[{"taxonomy":"category","embeddable":true,"href":"https:\/\/notiissa.mx\/index.php?rest_route=%2Fwp%2Fv2%2Fcategories&post=6736"},{"taxonomy":"post_tag","embeddable":true,"href":"https:\/\/notiissa.mx\/index.php?rest_route=%2Fwp%2Fv2%2Ftags&post=6736"}],"curies":[{"name":"wp","href":"https:\/\/api.w.org\/{rel}","templated":true}]}}