{"id":67308,"date":"2024-07-31T08:43:55","date_gmt":"2024-07-31T14:43:55","guid":{"rendered":"https:\/\/notiissa.mx\/?p=67308"},"modified":"2024-07-31T08:43:55","modified_gmt":"2024-07-31T14:43:55","slug":"la-astronomica-suma-que-macron-gasto-por-cenar-con-carlos-iii","status":"publish","type":"post","link":"https:\/\/notiissa.mx\/?p=67308","title":{"rendered":"La astron\u00f3mica suma que Macron gast\u00f3 por cenar con Carlos III"},"content":{"rendered":"<h1 class=\"HeadLine-root HeadLine-type_2 \">Al estilo de Luis XIV.<\/h1>\n<p>Los platos del lujoso banquete para 170 invitados fueron preparados por decenas de chefs famosos. El men\u00fa inclu\u00eda un entrante de langosta azul y cangrejo, as\u00ed como vinos exclusivos.<\/p>\n<p>El presidente de Francia, Emmanuel Macron, \u00abhizo un <strong>agujero en el presupuesto de su palacio<\/strong>\u00ab, al organizar una c\u00e9lebre cena de Estado para el monarca del Reino Unido, Carlos III, cuando visit\u00f3 el pa\u00eds galo en septiembre pasado, informa\u00a0 The Telegraph con referencia a datos de una auditor\u00eda anual.<\/p>\n<p>Para celebrar la primera visita de Carlos III a Francia en calidad de rey, el Palacio del El\u00edseo gast\u00f3 <strong>cerca de 475.000 euros en\u00a0un lujoso banquete <\/strong>con platos elaborados por un equipo de <strong>45 chefs<\/strong>,\u00a0entre los que se contaban cocineros de renombre y con estrellas Michelin, como Yannick All\u00e9no y Anne-Sophie Pic, as\u00ed como el pastelero franc\u00e9s Pierre Herm\u00e9.<\/p>\n<p>Los gastos en la opulenta cena incluyeron una factura de<strong>\u00a0&#8216;catering&#8217; de 165.000 euros<\/strong>.\u00a0Los 170 invitados \u2014entre los cuales se encontraban el l\u00edder de los Rolling Stones, Mick Jagger, y el actor Hugh Grant\u2014 se sentaron a lo largo de\u00a0una <strong>mesa de 60 metros<\/strong>, adornada con rosas y hortensias rosadas, violetas y blancas.<\/p>\n<p>El men\u00fa, preparado durante los tres meses previos a la visita real, ten\u00eda, entre otros platos, un\u00a0entrante de <strong>langosta azul<\/strong> y cangrejo, inspirado en los gustos del monarca franc\u00e9s Luis XIV, indica el diario. Los manjares fueron servidos en vajilla de la famosa\u00a0f\u00e1brica Porcelana de Sevres e iban acompa\u00f1ados por\u00a0<strong>vinos exlusivos<\/strong> y\u00a0champ\u00e1n.<\/p>\n<p>De acuerdo con los datos del Tribunal de Cuentas, auditor estatal de Francia, a lo largo del a\u00f1o pasado el Palacio del El\u00edseo gast\u00f3 un total de <strong>125 millones de euros<\/strong> (unos\u00a0135,4 millones de d\u00f3lares), lo que supone <strong>un aumento del\u00a014 %<\/strong> en comparaci\u00f3n con el a\u00f1o anterior. La cena estatal con el rey Carlos III result\u00f3 ser uno de los eventos que hicieron que el presumuesto del palacio sufriera un d\u00e9ficit de 8.3 millones de euros (casi 9 millones de d\u00f3lares).<\/p>\n<p><strong>RT.<\/strong><\/p>\n","protected":false},"excerpt":{"rendered":"<p>Al estilo de Luis XIV. Los platos del lujoso banquete para 170 invitados fueron preparados por decenas de chefs famosos. El men\u00fa inclu\u00eda un entrante de langosta azul y cangrejo, as\u00ed como vinos exclusivos. El presidente de Francia, Emmanuel Macron, \u00abhizo un agujero en el presupuesto de su palacio\u00ab, al organizar una c\u00e9lebre cena de [&hellip;]<\/p>\n","protected":false},"author":1,"featured_media":67309,"comment_status":"closed","ping_status":"open","sticky":false,"template":"","format":"standard","meta":{"rop_custom_images_group":[],"rop_custom_messages_group":[],"rop_publish_now":"initial","rop_publish_now_accounts":[],"rop_publish_now_history":[],"rop_publish_now_status":"pending","footnotes":""},"categories":[66],"tags":[],"class_list":["post-67308","post","type-post","status-publish","format-standard","has-post-thumbnail","hentry","category-estilo-de-vida"],"_links":{"self":[{"href":"https:\/\/notiissa.mx\/index.php?rest_route=\/wp\/v2\/posts\/67308","targetHints":{"allow":["GET"]}}],"collection":[{"href":"https:\/\/notiissa.mx\/index.php?rest_route=\/wp\/v2\/posts"}],"about":[{"href":"https:\/\/notiissa.mx\/index.php?rest_route=\/wp\/v2\/types\/post"}],"author":[{"embeddable":true,"href":"https:\/\/notiissa.mx\/index.php?rest_route=\/wp\/v2\/users\/1"}],"replies":[{"embeddable":true,"href":"https:\/\/notiissa.mx\/index.php?rest_route=%2Fwp%2Fv2%2Fcomments&post=67308"}],"version-history":[{"count":1,"href":"https:\/\/notiissa.mx\/index.php?rest_route=\/wp\/v2\/posts\/67308\/revisions"}],"predecessor-version":[{"id":67310,"href":"https:\/\/notiissa.mx\/index.php?rest_route=\/wp\/v2\/posts\/67308\/revisions\/67310"}],"wp:featuredmedia":[{"embeddable":true,"href":"https:\/\/notiissa.mx\/index.php?rest_route=\/wp\/v2\/media\/67309"}],"wp:attachment":[{"href":"https:\/\/notiissa.mx\/index.php?rest_route=%2Fwp%2Fv2%2Fmedia&parent=67308"}],"wp:term":[{"taxonomy":"category","embeddable":true,"href":"https:\/\/notiissa.mx\/index.php?rest_route=%2Fwp%2Fv2%2Fcategories&post=67308"},{"taxonomy":"post_tag","embeddable":true,"href":"https:\/\/notiissa.mx\/index.php?rest_route=%2Fwp%2Fv2%2Ftags&post=67308"}],"curies":[{"name":"wp","href":"https:\/\/api.w.org\/{rel}","templated":true}]}}