{"id":67072,"date":"2024-07-24T13:12:46","date_gmt":"2024-07-24T19:12:46","guid":{"rendered":"https:\/\/notiissa.mx\/?p=67072"},"modified":"2024-07-24T13:13:44","modified_gmt":"2024-07-24T19:13:44","slug":"crearan-el-protocolo-de-actuacion-policial-para-menores-en-conflicto","status":"publish","type":"post","link":"https:\/\/notiissa.mx\/?p=67072","title":{"rendered":"Crear\u00e1n el Protocolo de Actuaci\u00f3n Policial para menores en conflicto"},"content":{"rendered":"<p>El Ayuntamiento de Chihuahua aprob\u00f3 la iniciativa de creaci\u00f3n del Protocolo de Actuaci\u00f3n Policial para Ni\u00f1as, Ni\u00f1os y Adolescentes que se encuentren en conflicto con la Ley.<br \/>\nEl dictamen fue presentado por las Comisiones Unidas de Gobernaci\u00f3n y Seguridad P\u00fablica luego de aprobarse la iniciativa presentada por la regidora del PAN Liliana Armend\u00e1riz Granados.<\/p>\n<p>Este protocolo tiene como objetivo abordar situaciones en las que ni\u00f1as, ni\u00f1os y adolescentes se ven involucrados en hechos que pueden constituir delitos o faltas administrativas. Entre estos eventos se encuentran las fiestas masivas escandalosas que han ocurrido en distintos lugares del municipio, desafiando las medidas de seguridad y restricciones impuestas para proteger su integridad y salud.<\/p>\n<p>El Municipio de Chihuahua atiende estas acciones desde una perspectiva de infancia y adolescencia. M\u00e9xico ha ratificado tratados internacionales sobre derechos humanos, lo que implica la obligaci\u00f3n de respetar, proteger y garantizar los derechos de estos grupos de edad.<\/p>\n<p>El nuevo protocolo ser\u00e1 de observancia general y obligatoria para los servidores p\u00fablicos involucrados en procesos de justicia relacionados con ni\u00f1as, ni\u00f1os y adolescentes. Considerar\u00e1 los instrumentos normativos que defienden sus derechos y sistematizar\u00e1 pr\u00e1cticas reconocidas internacionalmente como est\u00e1ndares m\u00ednimos para garantizar su bienestar.<\/p>\n<p>Para llegar a la creaci\u00f3n del mencionado protocolo, las y los Regidores integrantes de las Comisiones Unidas celebraron tres mesas tem\u00e1ticas, que trataron los siguientes temas: proceso de la ejecuci\u00f3n de la detenci\u00f3n, la segunda sobre el traslado y la custodia de los detenidos y la tercera sobre la comunicaci\u00f3n en todo el proceso de la detenci\u00f3n.<\/p>\n<p>Participaron la Comisi\u00f3n de Juventud en Riesgo del Consejo de Prevenci\u00f3n Social de la Violencia y la Delincuencia del Municipio de Chihuahua de la Direcci\u00f3n de Seguridad P\u00fablica Municipal; personal de la Escuela de Polic\u00eda del Municipio de Chihuahua; Regidoras y Regidores del Ayuntamiento; Organizaciones de la Sociedad Civil, y diversas instancias municipales, quienes fueron coordinados desde el Consejo de Prevenci\u00f3n Social de la Violencia y la Delincuencia, COPREV; adem\u00e1s, de contar con la asesor\u00eda de la Coordinaci\u00f3n de la Secretar\u00eda Ejecutiva de SIPINNA Municipal.<\/p>\n<p>A pesar de que actualmente existe un Protocolo de Actuaci\u00f3n para la Detenci\u00f3n de Personas Adolescentes en Conflicto con la Ley, se ha determinado que su aplicaci\u00f3n es obsoleta debido a las circunstancias legales cambiantes. Por tanto, este nuevo protocolo abordar\u00e1 aspectos como la ejecuci\u00f3n de la detenci\u00f3n, el traslado y la custodia de los detenidos, as\u00ed como la comunicaci\u00f3n en todo el proceso.<\/p>\n<p>De esta forma tato el Ayuntamiento de Chihuahua como el gobierno municipal reafirman su compromiso con la protecci\u00f3n de la ni\u00f1ez y adolescencia chihuahuense en situaciones de riesgo, trabajando constantemente para mejorar la atenci\u00f3n en ambientes vulnerables y prevenir delitos.<\/p>\n","protected":false},"excerpt":{"rendered":"<p>El Ayuntamiento de Chihuahua aprob\u00f3 la iniciativa de creaci\u00f3n del Protocolo de Actuaci\u00f3n Policial para Ni\u00f1as, Ni\u00f1os y Adolescentes que se encuentren en conflicto con la Ley. El dictamen fue presentado por las Comisiones Unidas de Gobernaci\u00f3n y Seguridad P\u00fablica luego de aprobarse la iniciativa presentada por la regidora del PAN Liliana Armend\u00e1riz Granados. Este [&hellip;]<\/p>\n","protected":false},"author":1,"featured_media":67073,"comment_status":"closed","ping_status":"open","sticky":false,"template":"","format":"standard","meta":{"rop_custom_images_group":[],"rop_custom_messages_group":[],"rop_publish_now":"initial","rop_publish_now_accounts":[],"rop_publish_now_history":[],"rop_publish_now_status":"pending","footnotes":""},"categories":[67],"tags":[23],"class_list":["post-67072","post","type-post","status-publish","format-standard","has-post-thumbnail","hentry","category-ciudad","tag-destacado"],"_links":{"self":[{"href":"https:\/\/notiissa.mx\/index.php?rest_route=\/wp\/v2\/posts\/67072","targetHints":{"allow":["GET"]}}],"collection":[{"href":"https:\/\/notiissa.mx\/index.php?rest_route=\/wp\/v2\/posts"}],"about":[{"href":"https:\/\/notiissa.mx\/index.php?rest_route=\/wp\/v2\/types\/post"}],"author":[{"embeddable":true,"href":"https:\/\/notiissa.mx\/index.php?rest_route=\/wp\/v2\/users\/1"}],"replies":[{"embeddable":true,"href":"https:\/\/notiissa.mx\/index.php?rest_route=%2Fwp%2Fv2%2Fcomments&post=67072"}],"version-history":[{"count":1,"href":"https:\/\/notiissa.mx\/index.php?rest_route=\/wp\/v2\/posts\/67072\/revisions"}],"predecessor-version":[{"id":67074,"href":"https:\/\/notiissa.mx\/index.php?rest_route=\/wp\/v2\/posts\/67072\/revisions\/67074"}],"wp:featuredmedia":[{"embeddable":true,"href":"https:\/\/notiissa.mx\/index.php?rest_route=\/wp\/v2\/media\/67073"}],"wp:attachment":[{"href":"https:\/\/notiissa.mx\/index.php?rest_route=%2Fwp%2Fv2%2Fmedia&parent=67072"}],"wp:term":[{"taxonomy":"category","embeddable":true,"href":"https:\/\/notiissa.mx\/index.php?rest_route=%2Fwp%2Fv2%2Fcategories&post=67072"},{"taxonomy":"post_tag","embeddable":true,"href":"https:\/\/notiissa.mx\/index.php?rest_route=%2Fwp%2Fv2%2Ftags&post=67072"}],"curies":[{"name":"wp","href":"https:\/\/api.w.org\/{rel}","templated":true}]}}