{"id":67029,"date":"2024-07-23T15:13:50","date_gmt":"2024-07-23T21:13:50","guid":{"rendered":"https:\/\/notiissa.mx\/?p=67029"},"modified":"2024-07-23T15:13:50","modified_gmt":"2024-07-23T21:13:50","slug":"comisario-a-la-baja-delitos-del-fuero-comun-en-chihuahua","status":"publish","type":"post","link":"https:\/\/notiissa.mx\/?p=67029","title":{"rendered":"Comisario: \u00abA la baja delitos del fuero com\u00fan en Chihuahua\u00bb"},"content":{"rendered":"<p><strong>Ciudad de Chihuahua.-<\/strong> De enero a julio, los delitos del fuero com\u00fan que le corresponden a la Polic\u00eda Municipal combatir, se mantienen a la baja, como el caso de robo a local comercial, robo a casa habitaci\u00f3n y robo de veh\u00edculo, inform\u00f3 el director de Seguridad P\u00fablica, Julio C\u00e9sar Salas Gonz\u00e1lez.<\/p>\n<p>El jefe de la Polic\u00eda Municipal, se\u00f1al\u00f3 que en el caso de robo a veh\u00edculo con violencia mantienen la cifra similar al a\u00f1o pasado, de 16 a 19 actualmente, mientras que, en el caso de robo sin violencia, presenta una ca\u00edda marcada de 301 en el primer semestre del a\u00f1o 2023 a 219 en este 2024.<\/p>\n<p>Otro de los delitos que le compete a la Direcci\u00f3n de Seguridad Publica atender es el robo a local comercial, donde en un mes pas\u00f3 de 47 robos sin violencia a 24 en lo que va del mes de julio y con violencia pas\u00f3 de 5 a 4 de junio a julio. En el robo a casa habitaci\u00f3n sin violencia, este mes hubo un ligero aumento al pasar de 47 en el mes de junio a 48 en julio, pero ocurri\u00f3 lo contrario en robo con violencia al pasar de 4 en junio a tan solo 1 en julio.<\/p>\n<p>Julio C\u00e9sar Salas, tambi\u00e9n destac\u00f3 los actos heroicos de los elementos de la Polic\u00eda Municipal y de Bomberos, quienes en hechos distintos rescataron a una joven y un hombre que estaban siendo arrastrados por la corriente de un arroyo al norte de la ciudad.<\/p>\n","protected":false},"excerpt":{"rendered":"<p>Ciudad de Chihuahua.- De enero a julio, los delitos del fuero com\u00fan que le corresponden a la Polic\u00eda Municipal combatir, se mantienen a la baja, como el caso de robo a local comercial, robo a casa habitaci\u00f3n y robo de veh\u00edculo, inform\u00f3 el director de Seguridad P\u00fablica, Julio C\u00e9sar Salas Gonz\u00e1lez. El jefe de la [&hellip;]<\/p>\n","protected":false},"author":1,"featured_media":67030,"comment_status":"closed","ping_status":"open","sticky":false,"template":"","format":"standard","meta":{"rop_custom_images_group":[],"rop_custom_messages_group":[],"rop_publish_now":"initial","rop_publish_now_accounts":[],"rop_publish_now_history":[],"rop_publish_now_status":"pending","footnotes":""},"categories":[67,72],"tags":[23],"class_list":["post-67029","post","type-post","status-publish","format-standard","has-post-thumbnail","hentry","category-ciudad","category-estado","tag-destacado"],"_links":{"self":[{"href":"https:\/\/notiissa.mx\/index.php?rest_route=\/wp\/v2\/posts\/67029","targetHints":{"allow":["GET"]}}],"collection":[{"href":"https:\/\/notiissa.mx\/index.php?rest_route=\/wp\/v2\/posts"}],"about":[{"href":"https:\/\/notiissa.mx\/index.php?rest_route=\/wp\/v2\/types\/post"}],"author":[{"embeddable":true,"href":"https:\/\/notiissa.mx\/index.php?rest_route=\/wp\/v2\/users\/1"}],"replies":[{"embeddable":true,"href":"https:\/\/notiissa.mx\/index.php?rest_route=%2Fwp%2Fv2%2Fcomments&post=67029"}],"version-history":[{"count":1,"href":"https:\/\/notiissa.mx\/index.php?rest_route=\/wp\/v2\/posts\/67029\/revisions"}],"predecessor-version":[{"id":67031,"href":"https:\/\/notiissa.mx\/index.php?rest_route=\/wp\/v2\/posts\/67029\/revisions\/67031"}],"wp:featuredmedia":[{"embeddable":true,"href":"https:\/\/notiissa.mx\/index.php?rest_route=\/wp\/v2\/media\/67030"}],"wp:attachment":[{"href":"https:\/\/notiissa.mx\/index.php?rest_route=%2Fwp%2Fv2%2Fmedia&parent=67029"}],"wp:term":[{"taxonomy":"category","embeddable":true,"href":"https:\/\/notiissa.mx\/index.php?rest_route=%2Fwp%2Fv2%2Fcategories&post=67029"},{"taxonomy":"post_tag","embeddable":true,"href":"https:\/\/notiissa.mx\/index.php?rest_route=%2Fwp%2Fv2%2Ftags&post=67029"}],"curies":[{"name":"wp","href":"https:\/\/api.w.org\/{rel}","templated":true}]}}