{"id":66937,"date":"2024-07-20T10:49:19","date_gmt":"2024-07-20T16:49:19","guid":{"rendered":"https:\/\/notiissa.mx\/?p=66937"},"modified":"2024-07-20T10:49:19","modified_gmt":"2024-07-20T16:49:19","slug":"concluye-impas-su-veraneada-inclusiva-2024","status":"publish","type":"post","link":"https:\/\/notiissa.mx\/?p=66937","title":{"rendered":"Concluye IMPAS su Veraneada Inclusiva 2024"},"content":{"rendered":"<p><strong>Ciudad de Chihuahua.-<\/strong> El Instituto Municipal de Prevenci\u00f3n y Atenci\u00f3n a la Salud (IMPAS), cerr\u00f3 con \u00e9xito la \u201cVeraneada IMPAS Salud Inclusiva 2024\u201d en las instalaciones del Centro Municipal de Equinoterapia.<\/p>\n<p>El curso de verano se llev\u00f3 a cabo del 8 al 19 de julio, donde se cont\u00f3 con la participaci\u00f3n de ni\u00f1as y ni\u00f1os de 5 a 12 a\u00f1os, quienes disfrutaron de actividades como monta de caballos, senderismo, pintura, baile y clases de lengua de se\u00f1as, las cuales adem\u00e1s de brindar diversi\u00f3n, fomentaron valores como el respeto y la amistad para promover una sociedad m\u00e1s inclusiva en el futuro.<\/p>\n<p>Para dar cierre a la veraneada, la presidenta del DIF Municipal Karina Olivas, la directora de Desarrollo Humano y Educaci\u00f3n M\u00f3nica Herrera, la regidora Guadalupe Borruel, el director del IMPAS Luis Arrieta y el subdirector de Rehabilitaci\u00f3n Israel Ponce, acompa\u00f1aron a las y los peque\u00f1os y a sus familias en una peque\u00f1a ceremonia donde los felicitaron por su participaci\u00f3n en las diversas actividades.<\/p>\n<p>Asimismo, los asistentes pudieron disfrutar de una ma\u00f1ana llena de diferentes din\u00e1micas que dieron pie a un rato activo lleno de risas y convivencia sana. Por \u00faltimo, las ni\u00f1as y ni\u00f1os pudieron mostrarles a sus acompa\u00f1antes lo aprendido en la veraneada con demostraciones de baile tipo country y monta de caballos.<\/p>\n","protected":false},"excerpt":{"rendered":"<p>Ciudad de Chihuahua.- El Instituto Municipal de Prevenci\u00f3n y Atenci\u00f3n a la Salud (IMPAS), cerr\u00f3 con \u00e9xito la \u201cVeraneada IMPAS Salud Inclusiva 2024\u201d en las instalaciones del Centro Municipal de Equinoterapia. El curso de verano se llev\u00f3 a cabo del 8 al 19 de julio, donde se cont\u00f3 con la participaci\u00f3n de ni\u00f1as y ni\u00f1os [&hellip;]<\/p>\n","protected":false},"author":1,"featured_media":66938,"comment_status":"closed","ping_status":"open","sticky":false,"template":"","format":"standard","meta":{"rop_custom_images_group":[],"rop_custom_messages_group":[],"rop_publish_now":"initial","rop_publish_now_accounts":[],"rop_publish_now_history":[],"rop_publish_now_status":"pending","footnotes":""},"categories":[67,66],"tags":[],"class_list":["post-66937","post","type-post","status-publish","format-standard","has-post-thumbnail","hentry","category-ciudad","category-estilo-de-vida"],"_links":{"self":[{"href":"https:\/\/notiissa.mx\/index.php?rest_route=\/wp\/v2\/posts\/66937","targetHints":{"allow":["GET"]}}],"collection":[{"href":"https:\/\/notiissa.mx\/index.php?rest_route=\/wp\/v2\/posts"}],"about":[{"href":"https:\/\/notiissa.mx\/index.php?rest_route=\/wp\/v2\/types\/post"}],"author":[{"embeddable":true,"href":"https:\/\/notiissa.mx\/index.php?rest_route=\/wp\/v2\/users\/1"}],"replies":[{"embeddable":true,"href":"https:\/\/notiissa.mx\/index.php?rest_route=%2Fwp%2Fv2%2Fcomments&post=66937"}],"version-history":[{"count":1,"href":"https:\/\/notiissa.mx\/index.php?rest_route=\/wp\/v2\/posts\/66937\/revisions"}],"predecessor-version":[{"id":66939,"href":"https:\/\/notiissa.mx\/index.php?rest_route=\/wp\/v2\/posts\/66937\/revisions\/66939"}],"wp:featuredmedia":[{"embeddable":true,"href":"https:\/\/notiissa.mx\/index.php?rest_route=\/wp\/v2\/media\/66938"}],"wp:attachment":[{"href":"https:\/\/notiissa.mx\/index.php?rest_route=%2Fwp%2Fv2%2Fmedia&parent=66937"}],"wp:term":[{"taxonomy":"category","embeddable":true,"href":"https:\/\/notiissa.mx\/index.php?rest_route=%2Fwp%2Fv2%2Fcategories&post=66937"},{"taxonomy":"post_tag","embeddable":true,"href":"https:\/\/notiissa.mx\/index.php?rest_route=%2Fwp%2Fv2%2Ftags&post=66937"}],"curies":[{"name":"wp","href":"https:\/\/api.w.org\/{rel}","templated":true}]}}