{"id":66934,"date":"2024-07-20T09:29:36","date_gmt":"2024-07-20T15:29:36","guid":{"rendered":"https:\/\/notiissa.mx\/?p=66934"},"modified":"2024-07-20T09:29:36","modified_gmt":"2024-07-20T15:29:36","slug":"celebran-a-los-mineros-en-santo-domingo","status":"publish","type":"post","link":"https:\/\/notiissa.mx\/?p=66934","title":{"rendered":"Celebran a los mineros en Santo Domingo"},"content":{"rendered":"<p class=\"yiv9245097231MsoNormal\"><strong>Aquiles Serd\u00e1n, Chihuahua.-<\/strong> La comunidad de Santo Domingo en el municipio de Aquiles Serd\u00e1n fue el escenario en el cual recientemente fue realizado el Festival del Minero, el cual es organizado por la Presidencia Municipal como una manera de destacar la labor de los mineros, quienes le han dado su identidad a la regi\u00f3n.<\/p>\n<p class=\"yiv9245097231MsoNormal\">Con m\u00fasica, juegos mec\u00e1nicos y baile, la Alcald\u00eda ha retomado este festejo que hasta hace unos a\u00f1os hab\u00eda quedado sin ser realizado. En el marco de las actividades fueron entregados reconocimientos a personajes de la comunidad relacionados con la actividad minera.<\/p>\n<p class=\"yiv9245097231MsoNormal\">El retomar esta tradici\u00f3n, la cual est\u00e1 centrada en Santo Domingo, fue a iniciativa de la alcaldesa Teresa Erives, quien ha se\u00f1alado que una de las prioridades es promover la identidad de Aquiles Serd\u00e1n, siendo la miner\u00eda la m\u00e1s representativa, ya que incluso su importancia hist\u00f3rica fue motivo por el cual Santa Eulalia estuvo considerada para ser la capital del estado.<\/p>\n<p class=\"yiv9245097231MsoNormal\">Los festejos para los mineros fueron disfrutados por las familias de las distintas regiones del municipio.<\/p>\n","protected":false},"excerpt":{"rendered":"<p>Aquiles Serd\u00e1n, Chihuahua.- La comunidad de Santo Domingo en el municipio de Aquiles Serd\u00e1n fue el escenario en el cual recientemente fue realizado el Festival del Minero, el cual es organizado por la Presidencia Municipal como una manera de destacar la labor de los mineros, quienes le han dado su identidad a la regi\u00f3n. Con [&hellip;]<\/p>\n","protected":false},"author":1,"featured_media":66935,"comment_status":"closed","ping_status":"open","sticky":false,"template":"","format":"standard","meta":{"rop_custom_images_group":[],"rop_custom_messages_group":[],"rop_publish_now":"initial","rop_publish_now_accounts":[],"rop_publish_now_history":[],"rop_publish_now_status":"pending","footnotes":""},"categories":[67,62,72],"tags":[],"class_list":["post-66934","post","type-post","status-publish","format-standard","has-post-thumbnail","hentry","category-ciudad","category-cultura","category-estado"],"_links":{"self":[{"href":"https:\/\/notiissa.mx\/index.php?rest_route=\/wp\/v2\/posts\/66934","targetHints":{"allow":["GET"]}}],"collection":[{"href":"https:\/\/notiissa.mx\/index.php?rest_route=\/wp\/v2\/posts"}],"about":[{"href":"https:\/\/notiissa.mx\/index.php?rest_route=\/wp\/v2\/types\/post"}],"author":[{"embeddable":true,"href":"https:\/\/notiissa.mx\/index.php?rest_route=\/wp\/v2\/users\/1"}],"replies":[{"embeddable":true,"href":"https:\/\/notiissa.mx\/index.php?rest_route=%2Fwp%2Fv2%2Fcomments&post=66934"}],"version-history":[{"count":1,"href":"https:\/\/notiissa.mx\/index.php?rest_route=\/wp\/v2\/posts\/66934\/revisions"}],"predecessor-version":[{"id":66936,"href":"https:\/\/notiissa.mx\/index.php?rest_route=\/wp\/v2\/posts\/66934\/revisions\/66936"}],"wp:featuredmedia":[{"embeddable":true,"href":"https:\/\/notiissa.mx\/index.php?rest_route=\/wp\/v2\/media\/66935"}],"wp:attachment":[{"href":"https:\/\/notiissa.mx\/index.php?rest_route=%2Fwp%2Fv2%2Fmedia&parent=66934"}],"wp:term":[{"taxonomy":"category","embeddable":true,"href":"https:\/\/notiissa.mx\/index.php?rest_route=%2Fwp%2Fv2%2Fcategories&post=66934"},{"taxonomy":"post_tag","embeddable":true,"href":"https:\/\/notiissa.mx\/index.php?rest_route=%2Fwp%2Fv2%2Ftags&post=66934"}],"curies":[{"name":"wp","href":"https:\/\/api.w.org\/{rel}","templated":true}]}}