{"id":66664,"date":"2024-07-12T06:47:20","date_gmt":"2024-07-12T12:47:20","guid":{"rendered":"https:\/\/notiissa.mx\/?p=66664"},"modified":"2024-07-12T07:01:15","modified_gmt":"2024-07-12T13:01:15","slug":"regresa-marco-bonilla-a-sus-funciones-en-el-cabildo-y-el-municipio","status":"publish","type":"post","link":"https:\/\/notiissa.mx\/?p=66664","title":{"rendered":"Regresa Marco Bonilla a sus funciones en el Cabildo y el Municipio"},"content":{"rendered":"<p><strong><em>Ciudad de Chihuahua.-<\/em><\/strong> El Gobierno Municipal de Chihuahua informa que se recibi\u00f3 en la Secretar\u00eda del Ayuntamiento oficio signado por Marco Antonio Bonilla Mendoza en el que da aviso que a partir del d\u00eda de hoy, viernes 12 de julio, se reintegra a sus funciones en el Cabildo y en el Gobierno Municipal.<\/p>\n<p>En consecuencia, a partir de este d\u00eda Marco Bonilla retomar\u00e1 sus actividades y funciones al frente de la comuna capitalina<\/p>\n<p>Como primera actividad p\u00fablica el edil capitalino recibir\u00e1 a los jinetes integrantes de la cabalgata villista en la caseta de acceso a la ciudad ubicada en el ejido Sacramento de esta capital.<\/p>\n","protected":false},"excerpt":{"rendered":"<p>Ciudad de Chihuahua.- El Gobierno Municipal de Chihuahua informa que se recibi\u00f3 en la Secretar\u00eda del Ayuntamiento oficio signado por Marco Antonio Bonilla Mendoza en el que da aviso que a partir del d\u00eda de hoy, viernes 12 de julio, se reintegra a sus funciones en el Cabildo y en el Gobierno Municipal. En consecuencia, [&hellip;]<\/p>\n","protected":false},"author":1,"featured_media":66665,"comment_status":"closed","ping_status":"open","sticky":false,"template":"","format":"standard","meta":{"rop_custom_images_group":[],"rop_custom_messages_group":[],"rop_publish_now":"initial","rop_publish_now_accounts":[],"rop_publish_now_history":[],"rop_publish_now_status":"pending","footnotes":""},"categories":[67],"tags":[23],"class_list":["post-66664","post","type-post","status-publish","format-standard","has-post-thumbnail","hentry","category-ciudad","tag-destacado"],"_links":{"self":[{"href":"https:\/\/notiissa.mx\/index.php?rest_route=\/wp\/v2\/posts\/66664","targetHints":{"allow":["GET"]}}],"collection":[{"href":"https:\/\/notiissa.mx\/index.php?rest_route=\/wp\/v2\/posts"}],"about":[{"href":"https:\/\/notiissa.mx\/index.php?rest_route=\/wp\/v2\/types\/post"}],"author":[{"embeddable":true,"href":"https:\/\/notiissa.mx\/index.php?rest_route=\/wp\/v2\/users\/1"}],"replies":[{"embeddable":true,"href":"https:\/\/notiissa.mx\/index.php?rest_route=%2Fwp%2Fv2%2Fcomments&post=66664"}],"version-history":[{"count":1,"href":"https:\/\/notiissa.mx\/index.php?rest_route=\/wp\/v2\/posts\/66664\/revisions"}],"predecessor-version":[{"id":66666,"href":"https:\/\/notiissa.mx\/index.php?rest_route=\/wp\/v2\/posts\/66664\/revisions\/66666"}],"wp:featuredmedia":[{"embeddable":true,"href":"https:\/\/notiissa.mx\/index.php?rest_route=\/wp\/v2\/media\/66665"}],"wp:attachment":[{"href":"https:\/\/notiissa.mx\/index.php?rest_route=%2Fwp%2Fv2%2Fmedia&parent=66664"}],"wp:term":[{"taxonomy":"category","embeddable":true,"href":"https:\/\/notiissa.mx\/index.php?rest_route=%2Fwp%2Fv2%2Fcategories&post=66664"},{"taxonomy":"post_tag","embeddable":true,"href":"https:\/\/notiissa.mx\/index.php?rest_route=%2Fwp%2Fv2%2Ftags&post=66664"}],"curies":[{"name":"wp","href":"https:\/\/api.w.org\/{rel}","templated":true}]}}