{"id":66655,"date":"2024-07-11T14:14:44","date_gmt":"2024-07-11T20:14:44","guid":{"rendered":"https:\/\/notiissa.mx\/?p=66655"},"modified":"2024-07-11T14:14:44","modified_gmt":"2024-07-11T20:14:44","slug":"celebra-chelita-rojas-el-dia-nacional-de-los-combatientes-forestales","status":"publish","type":"post","link":"https:\/\/notiissa.mx\/?p=66655","title":{"rendered":"Celebra Chelita Rojas el D\u00eda Nacional de los Combatientes Forestales"},"content":{"rendered":"<p><i>Y el D\u00eda del \u00c1rbol.<\/i><\/p>\n<p class=\"yiv5194345172MsoNormal\">Ciudad de Chihuahua.- En eventos simult\u00e1neos la Regidora del PAN Chelita Rojas en coordinaci\u00f3n con el Vivero Municipal de la Direcci\u00f3n de Mantenimiento Urbano se celebr\u00f3 el D\u00eda Nacional de \u00c1rbol y el D\u00eda Nacional de los Combatientes Forestales con la donaci\u00f3n de plantas y canje de productos imperecederos para entregar a Protecci\u00f3n Civil Municipal y del Estado para el combate de los incendios en la sierra de Chihuahua.<\/p>\n<p class=\"yiv5194345172MsoNormal\">As\u00ed lo dio a conocer la Regidora presidenta de la Comisi\u00f3n de Ecolog\u00eda del Ayuntamiento de Chihuahua Chelita Rojas quien acompa\u00f1\u00f3 al responsable del Vivero Municipal Ing. Ing. David Calder\u00f3n Jurado en una actividad realizada en la Plaza de Armas para la entrega de m\u00e1s de 2 mil 800 \u00e1rboles a los ciudadanos quienes recibieron dos \u00e1rboles de diversas variedades: fresnos, jacarandas, lilas, palmeras, pirul y otros.<\/p>\n<p class=\"yiv5194345172MsoNormal\">En el marco de estas fechas conmemorativas Chelita Rojas anunci\u00f3 la iniciativa conjunta con la Direcci\u00f3n de Mantenimiento Urbano para promover la conciencia ambiental y apoyar a las comunidades afectadas por incendios forestales.<\/p>\n<p class=\"yiv5194345172MsoNormal\">\u00abEstamos trabajando en conjunto con el gobierno municipal para regalar \u00e1rboles a la ciudadan\u00eda, fomentando as\u00ed el cuidado del medio ambiente\u00bb, declar\u00f3 la regidora Rojas. \u00abAprovechando que hoy se celebra el D\u00eda Mundial del \u00c1rbol, hemos organizado este evento especial\u00bb.<\/p>\n<p class=\"yiv5194345172MsoNormal\">\u00abAdem\u00e1s, estamos recolectando v\u00edveres y art\u00edculos de primera necesidad para apoyar a Protecci\u00f3n Civil en su labor de asistencia a las comunidades afectadas por incendios, principalmente en la zona serrana\u00bb, a\u00f1adi\u00f3 la regidora.<\/p>\n<p class=\"yiv5194345172MsoNormal\">La campa\u00f1a busca reponer las reservas de suministros que pudieran haberse agotado durante las recientes emergencias por lo cual se solicitan donaciones de agua embotellada, alimentos enlatados, sopas instant\u00e1neas, barras energ\u00e9ticas y galletas. Tambi\u00e9n se requieren elementos de protecci\u00f3n como botas, mascarillas, cubrebocas, protecci\u00f3n solar y botiquines.<\/p>\n<p class=\"yiv5194345172MsoNormal\">\u00abLos ciudadanos que donen estos art\u00edculos recibir\u00e1n a cambio un \u00e1rbol\u00bb, explic\u00f3 Chelita. \u00abEstos suministros ser\u00e1n entregados a Protecci\u00f3n Civil para su distribuci\u00f3n tanto dentro como fuera del municipio, seg\u00fan las necesidades\u00bb.<\/p>\n<p class=\"yiv5194345172MsoNormal\">La regidora record\u00f3 que hace aproximadamente dos semanas, varias zonas serranas como Bocoyna, San Rafael, parte de Creel, Urique y otras \u00e1reas sufrieron incendios significativos. Aunque las recientes lluvias han ayudado a controlar la situaci\u00f3n, la prevenci\u00f3n sigue siendo crucial.<\/p>\n<p class=\"yiv5194345172MsoNormal\">Rojas enfatiz\u00f3 la importancia de los \u00e1rboles en el contexto urbano: \u00abEn estos tiempos de altas temperaturas, los \u00e1rboles nos ayudan a reducir el calor, proporcionan sombra, producen ox\u00edgeno y contribuyen a mitigar la contaminaci\u00f3n. Son de gran beneficio para nuestra comunidad\u00bb.<\/p>\n<p class=\"yiv5194345172MsoNormal\">La regidora invita a todos los ciudadanos a participar en esta iniciativa que combina la conciencia ambiental con la solidaridad comunitaria, en conmemoraci\u00f3n del D\u00eda Mundial del \u00c1rbol e invit\u00f3 a los ciudadanos a que sigan haciendo sus donaciones dejando los art\u00edculos en el 3er. Piso del Edificio Eloy Vallina (ubicado frente a la Plaza de Armas) de 10:00 AM a 3:00 PM de lunes a viernes en donde se les canjear\u00e1n por dos plantas o \u00e1rboles.<\/p>\n<p class=\"yiv5194345172MsoNormal\">\n","protected":false},"excerpt":{"rendered":"<p>Y el D\u00eda del \u00c1rbol. Ciudad de Chihuahua.- En eventos simult\u00e1neos la Regidora del PAN Chelita Rojas en coordinaci\u00f3n con el Vivero Municipal de la Direcci\u00f3n de Mantenimiento Urbano se celebr\u00f3 el D\u00eda Nacional de \u00c1rbol y el D\u00eda Nacional de los Combatientes Forestales con la donaci\u00f3n de plantas y canje de productos imperecederos para [&hellip;]<\/p>\n","protected":false},"author":1,"featured_media":66656,"comment_status":"closed","ping_status":"open","sticky":false,"template":"","format":"standard","meta":{"rop_custom_images_group":[],"rop_custom_messages_group":[],"rop_publish_now":"initial","rop_publish_now_accounts":[],"rop_publish_now_history":[],"rop_publish_now_status":"pending","footnotes":""},"categories":[67],"tags":[],"class_list":["post-66655","post","type-post","status-publish","format-standard","has-post-thumbnail","hentry","category-ciudad"],"_links":{"self":[{"href":"https:\/\/notiissa.mx\/index.php?rest_route=\/wp\/v2\/posts\/66655","targetHints":{"allow":["GET"]}}],"collection":[{"href":"https:\/\/notiissa.mx\/index.php?rest_route=\/wp\/v2\/posts"}],"about":[{"href":"https:\/\/notiissa.mx\/index.php?rest_route=\/wp\/v2\/types\/post"}],"author":[{"embeddable":true,"href":"https:\/\/notiissa.mx\/index.php?rest_route=\/wp\/v2\/users\/1"}],"replies":[{"embeddable":true,"href":"https:\/\/notiissa.mx\/index.php?rest_route=%2Fwp%2Fv2%2Fcomments&post=66655"}],"version-history":[{"count":1,"href":"https:\/\/notiissa.mx\/index.php?rest_route=\/wp\/v2\/posts\/66655\/revisions"}],"predecessor-version":[{"id":66657,"href":"https:\/\/notiissa.mx\/index.php?rest_route=\/wp\/v2\/posts\/66655\/revisions\/66657"}],"wp:featuredmedia":[{"embeddable":true,"href":"https:\/\/notiissa.mx\/index.php?rest_route=\/wp\/v2\/media\/66656"}],"wp:attachment":[{"href":"https:\/\/notiissa.mx\/index.php?rest_route=%2Fwp%2Fv2%2Fmedia&parent=66655"}],"wp:term":[{"taxonomy":"category","embeddable":true,"href":"https:\/\/notiissa.mx\/index.php?rest_route=%2Fwp%2Fv2%2Fcategories&post=66655"},{"taxonomy":"post_tag","embeddable":true,"href":"https:\/\/notiissa.mx\/index.php?rest_route=%2Fwp%2Fv2%2Ftags&post=66655"}],"curies":[{"name":"wp","href":"https:\/\/api.w.org\/{rel}","templated":true}]}}