{"id":66650,"date":"2024-07-11T12:18:07","date_gmt":"2024-07-11T18:18:07","guid":{"rendered":"https:\/\/notiissa.mx\/?p=66650"},"modified":"2024-07-11T12:18:43","modified_gmt":"2024-07-11T18:18:43","slug":"imparten-capacitacion-en-crianza-afectiva-la-unicef-mexico","status":"publish","type":"post","link":"https:\/\/notiissa.mx\/?p=66650","title":{"rendered":"Imparte capacitaci\u00f3n en crianza afectiva la Unicef M\u00e9xico"},"content":{"rendered":"<p>Ciudad de Chihuahua.- El DIF Estatal, en coordinaci\u00f3n con Unicef M\u00e9xico, el Instituto Nacional de Psiquiatr\u00eda Ram\u00f3n de la Fuente Mu\u00f1iz y la asociaci\u00f3n Parenting For Lifelong Health, inici\u00f3 un taller sobre crianza afectiva dirigido a futuros capacitadores de personas cuidadoras de ni\u00f1as, ni\u00f1os y adolescentes (NNA) en el estado.<\/p>\n<p>Lo anterior, como parte de la implementaci\u00f3n de un programa que busca brindar apoyo en dichos temas, a trav\u00e9s de un modelo de chat automatizado (chatbot) por medio de WhatsApp, complementado con componentes de acompa\u00f1amiento presencial adaptado a las necesidades de Chihuahua.<\/p>\n<p>En esta primera etapa del proyecto, se adiestr\u00f3 a personas provenientes de los municipios de Camargo, Delicias, Meoqui, Satev\u00f3 y Ju\u00e1rez, quienes recibieron una formaci\u00f3n intensiva destinada a fortalecer sus habilidades en la materia, y que posteriormente compartir\u00e1n lo aprendido con cuidadoras y cuidadores de su localidad.<\/p>\n<p>La directora del Centro Estatal de Fortalecimiento Familiar, Selene Aguirre Cortez, explic\u00f3 que el programa busca construir una base institucional s\u00f3lida que ampl\u00ede los alcances del modelo para una crianza l\u00fadica y positiva a nivel nacional.<\/p>\n<p>Agreg\u00f3 que la sostenibilidad de este esquema permitir\u00e1 tambi\u00e9n obtener evidencias dentro de los sistemas institucionales existentes en M\u00e9xico.<\/p>\n<p>Indic\u00f3 que esta capacitaci\u00f3n es un paso fundamental en la implementaci\u00f3n de este proyecto que no solo se enfoca en la prevenci\u00f3n de la violencia, sino tambi\u00e9n en el fortalecimiento de la salud mental y el bienestar de las familias mexicanas.<\/p>\n<p>Para m\u00e1s informaci\u00f3n, contactar al Centro de Fortalecimiento Familiar al tel\u00e9fono 614 214-40-00 extensi\u00f3n 22427, o a trav\u00e9s del correo electr\u00f3nico curosytalleresdif@gmail.com.<\/p>\n","protected":false},"excerpt":{"rendered":"<p>Ciudad de Chihuahua.- El DIF Estatal, en coordinaci\u00f3n con Unicef M\u00e9xico, el Instituto Nacional de Psiquiatr\u00eda Ram\u00f3n de la Fuente Mu\u00f1iz y la asociaci\u00f3n Parenting For Lifelong Health, inici\u00f3 un taller sobre crianza afectiva dirigido a futuros capacitadores de personas cuidadoras de ni\u00f1as, ni\u00f1os y adolescentes (NNA) en el estado. Lo anterior, como parte de [&hellip;]<\/p>\n","protected":false},"author":1,"featured_media":66651,"comment_status":"closed","ping_status":"open","sticky":false,"template":"","format":"standard","meta":{"rop_custom_images_group":[],"rop_custom_messages_group":[],"rop_publish_now":"initial","rop_publish_now_accounts":[],"rop_publish_now_history":[],"rop_publish_now_status":"pending","footnotes":""},"categories":[67,64,72,66],"tags":[],"class_list":["post-66650","post","type-post","status-publish","format-standard","has-post-thumbnail","hentry","category-ciudad","category-educacion","category-estado","category-estilo-de-vida"],"_links":{"self":[{"href":"https:\/\/notiissa.mx\/index.php?rest_route=\/wp\/v2\/posts\/66650","targetHints":{"allow":["GET"]}}],"collection":[{"href":"https:\/\/notiissa.mx\/index.php?rest_route=\/wp\/v2\/posts"}],"about":[{"href":"https:\/\/notiissa.mx\/index.php?rest_route=\/wp\/v2\/types\/post"}],"author":[{"embeddable":true,"href":"https:\/\/notiissa.mx\/index.php?rest_route=\/wp\/v2\/users\/1"}],"replies":[{"embeddable":true,"href":"https:\/\/notiissa.mx\/index.php?rest_route=%2Fwp%2Fv2%2Fcomments&post=66650"}],"version-history":[{"count":2,"href":"https:\/\/notiissa.mx\/index.php?rest_route=\/wp\/v2\/posts\/66650\/revisions"}],"predecessor-version":[{"id":66654,"href":"https:\/\/notiissa.mx\/index.php?rest_route=\/wp\/v2\/posts\/66650\/revisions\/66654"}],"wp:featuredmedia":[{"embeddable":true,"href":"https:\/\/notiissa.mx\/index.php?rest_route=\/wp\/v2\/media\/66651"}],"wp:attachment":[{"href":"https:\/\/notiissa.mx\/index.php?rest_route=%2Fwp%2Fv2%2Fmedia&parent=66650"}],"wp:term":[{"taxonomy":"category","embeddable":true,"href":"https:\/\/notiissa.mx\/index.php?rest_route=%2Fwp%2Fv2%2Fcategories&post=66650"},{"taxonomy":"post_tag","embeddable":true,"href":"https:\/\/notiissa.mx\/index.php?rest_route=%2Fwp%2Fv2%2Ftags&post=66650"}],"curies":[{"name":"wp","href":"https:\/\/api.w.org\/{rel}","templated":true}]}}