{"id":66635,"date":"2024-07-11T11:10:31","date_gmt":"2024-07-11T17:10:31","guid":{"rendered":"https:\/\/notiissa.mx\/?p=66635"},"modified":"2024-07-11T11:10:31","modified_gmt":"2024-07-11T17:10:31","slug":"pri-la-debacle-del-que-fuera-el-partido-mas-poderoso-de-mexico","status":"publish","type":"post","link":"https:\/\/notiissa.mx\/?p=66635","title":{"rendered":"PRI: la debacle del que fuera el partido m\u00e1s poderoso de M\u00e9xico"},"content":{"rendered":"<p>Las derrotas y las peleas internas han provocado un \u00e9xodo de militantes sin precedentes.<\/p>\n<p>El Partido Revolucionario Institucional (PRI) de M\u00e9xico, que gobern\u00f3 al pa\u00eds por m\u00e1s de 70 a\u00f1os, enfrenta una grave crisis debido a <strong>las derrotas electorales que lo convirtieron en una fuerza pol\u00edtica minoritaria<\/strong> y a la tensi\u00f3n que genera el liderazgo de Alejandro &#8216;Alito&#8217; Moreno, su actual presidente.<\/p>\n<p><strong>\u00abNos entregaron el partido hecho pedazos\u00bb<\/strong>, afirm\u00f3 Moreno el mi\u00e9rcoles durante la reuni\u00f3n del Consejo Pol\u00edtico Nacional en la que se defendi\u00f3 de las cr\u00edticas que arreciaron desde que en las elecciones presidenciales del pasado 2 de junio el PRI obtuvo los peores\u00a0resultados\u00a0de su historia.<\/p>\n<p>La responsabilidad pol\u00edtica es de Moreno, el diputado que en 2019 asumi\u00f3 la dirigencia del PRI y que el a\u00f1o pasado promovi\u00f3 la coalici\u00f3n Fuerza y Coraz\u00f3n por M\u00e9xico en la que participaron los partidos Acci\u00f3n Nacional (PAN) y de la Revoluci\u00f3n Democr\u00e1tica (PRD),\u00a0postulando a X\u00f3chitl G\u00e1lvez como su candidata.<\/p>\n<p>El resultado fue una derrota estrepitosa de G\u00e1lvez frente a Claudia Sheinbaum, la\u00a0abanderada oficialista que fue\u00a0apoyada por el presidente Andr\u00e9s Manuel L\u00f3pez Obrador.<\/p>\n<p>A nivel individual, adem\u00e1s, <strong>el PRI s\u00f3lo obtuvo 5,7 millones de votos<\/strong>, muy lejos de los 16,2 millones que en 2012 le permitieron regresar a la presidencia del pa\u00eds\u00a0con Enrique Pe\u00f1a Nieto. Proporcionalmente hablando, el de 2024 es <strong>el caudal de apoyo m\u00e1s bajo de sus casi 100 a\u00f1os de existencia.<\/strong><\/p>\n<p>Por eso, tendr\u00e1 una m\u00ednima bancada en el Congreso: apenas 18 de los 128 senadores, y 41 de los 500 diputados. Adem\u00e1s, ya s\u00f3lo gobernar\u00e1\u00a0dos de los 32 estados del pa\u00eds: Coahuila y Durango.<\/p>\n<p>Nunca, desde que se cre\u00f3 en 1929, el PRI hab\u00eda tenido una representaci\u00f3n pol\u00edtica tan marginal.<\/p>\n<h3>Reelecci\u00f3n<\/h3>\n<p>El fracaso electoral desat\u00f3 una fuerte presi\u00f3n para que Moreno renunciara a la presidencia del partido y que incluy\u00f3 una carta\u00a0firmada por m\u00e1s de 260 militantes.<\/p>\n<p>La indignaci\u00f3n de parte de la militancia se debe a que, cuando se elaboraron las listas de candidatos al Congreso, el dirigente coloc\u00f3 su nombre en el privilegiado primer lugar de la representaci\u00f3n proporcional, lo que le garantiz\u00f3 su ingreso al Senado.<\/p>\n<p>Adem\u00e1s, <strong>por primera vez en su historia el partido centenario no present\u00f3 candidatura a la presidencia<\/strong> y se sujet\u00f3 a la postulaci\u00f3n de G\u00e1lvez, quien a pesar de que se autodefin\u00eda como \u00abindependiente\u00bb, naci\u00f3 y creci\u00f3 pol\u00edticamente al amparo del PAN.<\/p>\n<p>Pero ni la derrota\u00a0ni las cr\u00edticas amilanaron a Moreno, quien esta semana concret\u00f3 una estrategia con el objetivo de cambiar los estatutos partidarios que le permitan la reelecci\u00f3n con el fin de <strong>permanecer como dirigente por lo menos hasta el 2032.<\/strong><\/p>\n<p>La intenci\u00f3n de\u00a0Moreno\u00a0qued\u00f3 clara el a\u00f1o pasado, cuando forz\u00f3 un primer cambio de normas para alargar un a\u00f1o el periodo para el cual hab\u00eda sido electo en 2019, lo que desat\u00f3 un \u00e9xodo de cientos de priistas inconformes con la decisi\u00f3n, entre ellos influyentes excandidatos presidenciales, exgobernadores y exsecretarios.<\/p>\n<p>El pasado domingo, durante la Asamblea Nacional Ordinaria del PRI, Moreno volvi\u00f3 a la carga e incluso insult\u00f3\u00a0a quienes se oponen a su reelecci\u00f3n.<\/p>\n<p><strong>\u00ab(Son) una bola de c\u00ednicos, de lacayos, al servicio del Gobierno<\/strong> y sus intereses, que quieren romper la unidad a cambio de inmunidad (\u2026) fueron el peor lastre para nuestro partido\u00bb, acus\u00f3 durante un encuentro partidario en el que, sin debate alguno, se aprobaron a mano alzada los cambios estatutarios que permitir\u00e1n su reelecci\u00f3n.<\/p>\n<p>El esc\u00e1ndalo fue imparable, ya que en lugar de presidir el partido cuatro a\u00f1os, como ocurr\u00eda hasta 2023, <strong>Moreno podr\u00e1 alargar su cargo hasta completar 13 a\u00f1os<\/strong>, si es que antes no promueve otra reforma para perpetuarse en el poder, al estilo del viejo PRI.<\/p>\n<h3>Cambios<\/h3>\n<p>El mi\u00e9rcoles, en la reuni\u00f3n del Consejo Pol\u00edtico Nacional, Moreno no asumi\u00f3 responsabilidad alguna en la debacle del partido y culp\u00f3 a sus antecesores, los mismos que ahora <strong>lo acusan de\u00a0 &#8216;secuestrar&#8217; y &#8216;sepultar&#8217; al PRI<\/strong> y le exigen la renuncia.<\/p>\n<p>\u00abFue responsabilidad de ellos y todos los sabemos, por eso ya no est\u00e1n, por eso muchos se fueron hace tiempo. <strong>Dejen al PRI afuera de su carro\u00f1a<\/strong>, porque si antes fuimos institucionales, ahora no les vamos a permitir que vuelvan a da\u00f1ar al partido, los vamos a exhibir y a denunciar\u00bb, denunci\u00f3\u00a0a los gritos.<\/p>\n<p>\u00abQue se escuche fuerte y claro: la presidencia de la Rep\u00fablica en el 2000 la perdieron ustedes y no nosotros; la presidencia de la Rep\u00fablica en el 2018 la entregaron ustedes y no nosotros;<strong> la peor cara del PRI son ustedes<\/strong> y no somos nosotros, aqu\u00ed est\u00e1n los priistas que aman y quieren al partido\u00bb, dijo frente al sector del partido que todav\u00eda lo apoya.<\/p>\n<p>Ese grupo fue el mismo que aprob\u00f3, con 474 votos a favor, cinco en contra y siete abstenciones, el m\u00e9todo para la pr\u00f3xima elecci\u00f3n de la presidencia del PRI, que, en lugar de realizarse a trav\u00e9s del voto abierto a la militancia, como ocurr\u00eda hasta ahora, quedar\u00e1 en manos de una asamblea de consejeras y consejeros que, se prev\u00e9, ya tienen decidido su voto por Moreno.<\/p>\n<p>Entre las personalidades pol\u00edticas que votaron en contra se encuentran <strong>tres expresidentes del PRI: Dulce Mar\u00eda Sauri, Enrique Ochoa Reza y Pedro Joaqu\u00edn Coldwell,<\/strong> quienes ya anunciaron que impugnar\u00e1n la reforma que permitir\u00e1 la reelecci\u00f3n del actual dirigente.<\/p>\n<h3>Historia<\/h3>\n<p>La crisis del PRI marca <strong>un parteaguas en la pol\u00edtica mexicana<\/strong>, ya que se trata del partido que eman\u00f3 de la Revoluci\u00f3n de 1910, que naci\u00f3 formalmente en 1929 y que durante siete d\u00e9cadas se erigi\u00f3 como el m\u00e1s poderoso del pa\u00eds.<\/p>\n<p>De hecho, el r\u00e9gimen de M\u00e9xico fue catalogado como &#8216;la dictadura perfecta&#8217;, ya que, a diferencia de los gobiernos militares que poblaron Am\u00e9rica Latina durante el siglo pasado, aqu\u00ed no hubo necesidad de golpes de Estado, ya que un solo partido copaba la vida pol\u00edtica. <strong>La corrupci\u00f3n y el autoritarismo fueron sus sellos<\/strong>.<\/p>\n<p>Despu\u00e9s de <strong>12 presidentes y 71 a\u00f1os en el poder<\/strong>, el PRI perdi\u00f3 por primera vez una elecci\u00f3n en 2000. La alternancia que empuj\u00f3 una parte de la sociedad mexicana permiti\u00f3 que la derecha representada por el PAN gobernara durante dos mandatos consecutivos: Vicente Fox (2000-2006) y Felipe Calder\u00f3n (2006-2012).<\/p>\n<p>En 2012, el PRI volvi\u00f3 al poder con Pe\u00f1a Nieto, lo que le permiti\u00f3 sumar 77 a\u00f1os de Gobierno. Sigue siendo un r\u00e9cord en la regi\u00f3n.<\/p>\n<p>Pero en 2018 gan\u00f3 el Movimiento Regeneraci\u00f3n Nacional (Morena), el partido fundado por AMLO, quien en un solo sexenio logr\u00f3 convertirlo en la fuerza m\u00e1s grande e influyente del pa\u00eds, y desplazar por completo al PRI, al PRD y al PAN, los partidos que hab\u00edan protagonizado la pol\u00edtica mexicana en las \u00faltimas d\u00e9cadas.<\/p>\n<p><strong>RT.<\/strong><\/p>\n","protected":false},"excerpt":{"rendered":"<p>Las derrotas y las peleas internas han provocado un \u00e9xodo de militantes sin precedentes. El Partido Revolucionario Institucional (PRI) de M\u00e9xico, que gobern\u00f3 al pa\u00eds por m\u00e1s de 70 a\u00f1os, enfrenta una grave crisis debido a las derrotas electorales que lo convirtieron en una fuerza pol\u00edtica minoritaria y a la tensi\u00f3n que genera el liderazgo [&hellip;]<\/p>\n","protected":false},"author":1,"featured_media":66636,"comment_status":"closed","ping_status":"open","sticky":false,"template":"","format":"standard","meta":{"rop_custom_images_group":[],"rop_custom_messages_group":[],"rop_publish_now":"initial","rop_publish_now_accounts":[],"rop_publish_now_history":[],"rop_publish_now_status":"pending","footnotes":""},"categories":[67,72,60],"tags":[23],"class_list":["post-66635","post","type-post","status-publish","format-standard","has-post-thumbnail","hentry","category-ciudad","category-estado","category-sonnoticia","tag-destacado"],"_links":{"self":[{"href":"https:\/\/notiissa.mx\/index.php?rest_route=\/wp\/v2\/posts\/66635","targetHints":{"allow":["GET"]}}],"collection":[{"href":"https:\/\/notiissa.mx\/index.php?rest_route=\/wp\/v2\/posts"}],"about":[{"href":"https:\/\/notiissa.mx\/index.php?rest_route=\/wp\/v2\/types\/post"}],"author":[{"embeddable":true,"href":"https:\/\/notiissa.mx\/index.php?rest_route=\/wp\/v2\/users\/1"}],"replies":[{"embeddable":true,"href":"https:\/\/notiissa.mx\/index.php?rest_route=%2Fwp%2Fv2%2Fcomments&post=66635"}],"version-history":[{"count":1,"href":"https:\/\/notiissa.mx\/index.php?rest_route=\/wp\/v2\/posts\/66635\/revisions"}],"predecessor-version":[{"id":66637,"href":"https:\/\/notiissa.mx\/index.php?rest_route=\/wp\/v2\/posts\/66635\/revisions\/66637"}],"wp:featuredmedia":[{"embeddable":true,"href":"https:\/\/notiissa.mx\/index.php?rest_route=\/wp\/v2\/media\/66636"}],"wp:attachment":[{"href":"https:\/\/notiissa.mx\/index.php?rest_route=%2Fwp%2Fv2%2Fmedia&parent=66635"}],"wp:term":[{"taxonomy":"category","embeddable":true,"href":"https:\/\/notiissa.mx\/index.php?rest_route=%2Fwp%2Fv2%2Fcategories&post=66635"},{"taxonomy":"post_tag","embeddable":true,"href":"https:\/\/notiissa.mx\/index.php?rest_route=%2Fwp%2Fv2%2Ftags&post=66635"}],"curies":[{"name":"wp","href":"https:\/\/api.w.org\/{rel}","templated":true}]}}