{"id":66629,"date":"2024-07-11T08:25:45","date_gmt":"2024-07-11T14:25:45","guid":{"rendered":"https:\/\/notiissa.mx\/?p=66629"},"modified":"2024-07-11T08:25:45","modified_gmt":"2024-07-11T14:25:45","slug":"invita-municipio-a-ciclo-de-cine-mexicano-de-la-epoca-de-oro","status":"publish","type":"post","link":"https:\/\/notiissa.mx\/?p=66629","title":{"rendered":"Invita Municipio a Ciclo de Cine Mexicano de la \u00c9poca de Oro"},"content":{"rendered":"<p><strong><em> Del 26 al 28 de julio se proyectar\u00e1n cl\u00e1sicos cinematogr\u00e1ficos en el Cine Del Rej\u00f3n<\/em>.<\/strong><\/p>\n<p><strong>Ciudad de Chihuahua.-<\/strong> El Instituto de Cultura del Municipio en convenio con la Cineteca Nacional, anuncia el pr\u00f3ximo ciclo de cine en el Cine Del Rej\u00f3n, el quinto ciclo de cine que se realiza en este a\u00f1o.<\/p>\n<p>En esta ocasi\u00f3n, se presentar\u00e1 un \u201cCiclo de Cine Mexicano de la \u00c9poca de Oro\u201d, una oportunidad \u00fanica para disfrutar de cl\u00e1sicos cinematogr\u00e1ficos que han marcado la historia del cine nacional.<\/p>\n<p>Las proyecciones se llevar\u00e1n a cabo del 26 al 28 de julio, con una programaci\u00f3n que incluye las siguientes pel\u00edculas:<\/p>\n<p><strong>26 de julio:<\/strong><br \/>\n&#8211; \u201cLa diosa arrodillada\u201d a las 5:00 pm.<br \/>\n&#8211; \u201cSal\u00f3n M\u00e9xico\u201d a las 7:00 pm.<br \/>\n<strong>27 de julio:<\/strong><br \/>\n&#8211; \u201cEnamorada\u201d a las 5:00 pm.<br \/>\n&#8211; \u201cMACARIO\u201d a las 7:00 pm.<br \/>\n<strong>28 de julio:<\/strong><br \/>\n&#8211; \u201cAh\u00ed est\u00e1 el detalle\u201d a las 5:00 pm.<br \/>\n&#8211; \u201cLa otra\u201d a las 7:00 pm.<\/p>\n<p>La entrada a todas las funciones es libre, ofreciendo a la comunidad la oportunidad de disfrutar de estas joyas cinematogr\u00e1ficas sin costo alguno. Este ciclo de cine rinde homenaje a una de las \u00e9pocas m\u00e1s importantes del cine mexicano y busca acercar a nuevas generaciones a estas obras maestras.<\/p>\n<p>Se invita a todos los amantes del cine y a la comunidad en general a asistir y disfrutar de estas proyecciones, esperando que este ciclo sea una experiencia enriquecedora para todos los asistentes.<\/p>\n<p>Para m\u00e1s informaci\u00f3n sobre el ciclo de cine y otros eventos culturales, puedes visitar las redes sociales del Gobierno Municipal de Chihuahua y el Instituto de Cultura del Municipio.<\/p>\n","protected":false},"excerpt":{"rendered":"<p>Del 26 al 28 de julio se proyectar\u00e1n cl\u00e1sicos cinematogr\u00e1ficos en el Cine Del Rej\u00f3n. Ciudad de Chihuahua.- El Instituto de Cultura del Municipio en convenio con la Cineteca Nacional, anuncia el pr\u00f3ximo ciclo de cine en el Cine Del Rej\u00f3n, el quinto ciclo de cine que se realiza en este a\u00f1o. En esta ocasi\u00f3n, [&hellip;]<\/p>\n","protected":false},"author":1,"featured_media":66630,"comment_status":"closed","ping_status":"open","sticky":false,"template":"","format":"standard","meta":{"rop_custom_images_group":[],"rop_custom_messages_group":[],"rop_publish_now":"initial","rop_publish_now_accounts":[],"rop_publish_now_history":[],"rop_publish_now_status":"pending","footnotes":""},"categories":[73,67,62],"tags":[],"class_list":["post-66629","post","type-post","status-publish","format-standard","has-post-thumbnail","hentry","category-arte","category-ciudad","category-cultura"],"_links":{"self":[{"href":"https:\/\/notiissa.mx\/index.php?rest_route=\/wp\/v2\/posts\/66629","targetHints":{"allow":["GET"]}}],"collection":[{"href":"https:\/\/notiissa.mx\/index.php?rest_route=\/wp\/v2\/posts"}],"about":[{"href":"https:\/\/notiissa.mx\/index.php?rest_route=\/wp\/v2\/types\/post"}],"author":[{"embeddable":true,"href":"https:\/\/notiissa.mx\/index.php?rest_route=\/wp\/v2\/users\/1"}],"replies":[{"embeddable":true,"href":"https:\/\/notiissa.mx\/index.php?rest_route=%2Fwp%2Fv2%2Fcomments&post=66629"}],"version-history":[{"count":1,"href":"https:\/\/notiissa.mx\/index.php?rest_route=\/wp\/v2\/posts\/66629\/revisions"}],"predecessor-version":[{"id":66631,"href":"https:\/\/notiissa.mx\/index.php?rest_route=\/wp\/v2\/posts\/66629\/revisions\/66631"}],"wp:featuredmedia":[{"embeddable":true,"href":"https:\/\/notiissa.mx\/index.php?rest_route=\/wp\/v2\/media\/66630"}],"wp:attachment":[{"href":"https:\/\/notiissa.mx\/index.php?rest_route=%2Fwp%2Fv2%2Fmedia&parent=66629"}],"wp:term":[{"taxonomy":"category","embeddable":true,"href":"https:\/\/notiissa.mx\/index.php?rest_route=%2Fwp%2Fv2%2Fcategories&post=66629"},{"taxonomy":"post_tag","embeddable":true,"href":"https:\/\/notiissa.mx\/index.php?rest_route=%2Fwp%2Fv2%2Ftags&post=66629"}],"curies":[{"name":"wp","href":"https:\/\/api.w.org\/{rel}","templated":true}]}}