{"id":66623,"date":"2024-07-10T18:22:21","date_gmt":"2024-07-11T00:22:21","guid":{"rendered":"https:\/\/notiissa.mx\/?p=66623"},"modified":"2024-07-10T18:22:21","modified_gmt":"2024-07-11T00:22:21","slug":"fomentan-el-cuidado-del-medio-ambiente","status":"publish","type":"post","link":"https:\/\/notiissa.mx\/?p=66623","title":{"rendered":"Fomentan el cuidado del medio ambiente"},"content":{"rendered":"<p class=\"yiv2679588130gmail-Normal1\"><span style=\"font-family: arial, sans-serif; font-size: large;\"><i><span lang=\"ES-TRAD\">\u25cf <\/span><span lang=\"ES-TRAD\">En el marco del D\u00eda Mundial del Medio Ambiente, Grupo Pi\u00f1ero ha lanzado una serie de acciones concretas destinadas a promover la preservaci\u00f3n del capital natural y a fomentar la concienciaci\u00f3n ambiental en Espa\u00f1a, Rep\u00fablica Dominicana, M\u00e9xico y Jamaica.<\/span><\/i><\/span><\/p>\n<p class=\"yiv2679588130gmail-Normal1\"><span style=\"font-family: arial, sans-serif; font-size: large;\"><span lang=\"ES-TRAD\"><i>\u25cf E<\/i><\/span><span lang=\"ES-TRAD\"><i>n Espa\u00f1a, el Grupo ha dirigido sus iniciativas a la restauraci\u00f3n y protecci\u00f3n de los ecosistemas en Baleares y Canarias, liderando esfuerzos de reforestaci\u00f3n y conservaci\u00f3n para promover la biodiversidad y la resiliencia ambiental en estas regiones.<\/i><\/span><\/span><\/p>\n<p class=\"yiv2679588130gmail-Normal1\"><span style=\"font-family: arial, sans-serif; font-size: large;\"><b><i><span lang=\"ES-TRAD\">Riviera Maya<\/span><\/i><\/b><b><i><span lang=\"ES-TRAD\">.<\/span><\/i><\/b><span lang=\"ES-TRAD\">&#8211; Con motivo del D\u00eda Mundial del Medio Ambiente, <\/span><span lang=\"ES-TRAD\">Grupo Pi\u00f1ero ha organizado una serie de acciones e iniciativas dise\u00f1adas para fomentar el cuidado del medio ambiente en todos los destinos en los que opera. Estas acciones, destinadas tanto a colaboradores del Grupo como a las comunidades locales de las regiones en las que se han implementado, abarcan jornadas de reforestaci\u00f3n, instalaciones de centros de reciclaje y actividades de educaci\u00f3n ambiental.<\/span><\/span><\/p>\n<p class=\"yiv2679588130gmail-Normal1\"><span lang=\"ES-TRAD\"><span style=\"font-family: arial, sans-serif; font-size: large;\">Desde una alineaci\u00f3n absoluta con la Agenda 2030 de las Naciones Unidas y los Objetivos de Desarrollo Sostenible, el Grupo ha llevado a cabo estas iniciativas con el objetivo de avanzar hacia un modelo de turismo responsable y regenerativo trasladable a todo el sector.<\/span><\/span><\/p>\n<p class=\"yiv2679588130gmail-Normal1\"><span style=\"font-family: arial, sans-serif; font-size: large;\"><b><span lang=\"ES\">Isabel Pi\u00f1ero, Chief Sustainability Officer de Grupo Pi\u00f1ero<\/span><\/b><span lang=\"ES\">, ha destacado <i>\u00ablo importante que es para nosotros promover acciones que impulsen continuamente la preservaci\u00f3n del medio ambiente en todos los pa\u00edses en los que nos encontramos, ya que, en un d\u00eda tan especial como este, es imprescindible que recordemos que el mundo es de todos y que debemos cuidar de \u00e9l juntos.\u201d<\/i><b><\/b><\/span><\/span><\/p>\n<p class=\"yiv2679588130gmail-Normal1\"><i><span lang=\"ES\"><span style=\"font-family: arial, sans-serif; font-size: large;\">\u00a0<\/span><\/span><\/i><span style=\"font-family: arial, sans-serif; font-size: large;\"><b><span lang=\"ES-TRAD\">Acciones lideradas desde un compromiso absoluto con el planeta<\/span><\/b><\/span><\/p>\n<p class=\"yiv2679588130gmail-Normal1\"><span lang=\"ES-TRAD\"><span style=\"font-family: arial, sans-serif; font-size: large;\">Este a\u00f1o, conmemorando el D\u00eda Mundial del Medio Ambiente y su lema <b>\u201cNuestras tierras. Nuestro futuro.\u201d<\/b> Grupo Pi\u00f1ero ha querido hacer part\u00edcipes a colaboradores y comunidades locales con acciones que promuevan la restauraci\u00f3n del capital natural y la biodiversidad de sus destinos.<\/span><\/span><\/p>\n<p class=\"yiv2679588130gmail-Normal1\"><span lang=\"ES\"><span style=\"font-family: arial, sans-serif; font-size: large;\">En <b>Baleares<\/b>, Grupo Pi\u00f1ero ha celebrado una jornada dentro de su iniciativa de reforestaci\u00f3n en la Serra de Tramuntana, la cual realizar\u00e1 la plantaci\u00f3n de 1.200 encinas durante los meses de octubre y diciembre en la zona, declarada Paisaje Cultural por la UNESCO. Durante la jornada llevada a cabo el 1 de junio en colaboraci\u00f3n con la Fundaci\u00f3n Respiralia y Voluntariado Caixabank, se realizaron charlas sobre gesti\u00f3n forestal y sobre la fibrosis qu\u00edstica, as\u00ed como una actividad de movimiento de ramaje para preparar la zona en la que se plantar\u00e1n los \u00e1rboles. <a rel=\"nofollow noopener noreferrer\" name=\"_Int_Av1Z7LAk\"><\/a>Esta primera actividad, que ha contado con la participaci\u00f3n de 32 voluntarios de Grupo Pi\u00f1ero entre otros voluntarios externos, ha tenido como objetivo promover la conservaci\u00f3n de la biodiversidad en este importante patrimonio natural y la importancia de la calidad del aire para las personas que padecen fibrosis qu\u00edstica.<\/span><\/span><\/p>\n<p class=\"yiv2679588130gmail-Normal1\"><span lang=\"ES-TRAD\"><span style=\"font-family: arial, sans-serif; font-size: large;\">Desde <b>Canarias<\/b>, Grupo Pi\u00f1ero se ha adherido al proyecto Tenerife Renace, apoyando las labores de restauraci\u00f3n ambiental, reforestaci\u00f3n y conservaci\u00f3n de la masa forestal afectada por los incendios de 2023. Esta colaboraci\u00f3n busca contribuir a la recuperaci\u00f3n de los ecosistemas locales, vitales para la biodiversidad y la salud ambiental de la isla.<\/span><\/span><\/p>\n<p class=\"yiv2679588130gmail-Normal1\"><span lang=\"ES\"><span style=\"font-family: arial, sans-serif; font-size: large;\"><b>Por otro lado, en M\u00e9xico, concretamente en la comunidad de Chemuyil (Quintana Roo), Grupo Pi\u00f1ero ha establecido un centro de acopio debido a la ausencia de instalaciones de reciclaje en la zona. Adem\u00e1s, la Fundaci\u00f3n Eco-Bah\u00eda, creada por Grupo Pi\u00f1ero para desarrollar proyectos de conservaci\u00f3n, mantenimiento y mejora de los recursos naturales, ha ofrecido una capacitaci\u00f3n al delegado y al comit\u00e9 de Chemuyil sobre pr\u00e1cticas de reciclaje, fomentando as\u00ed una cultura de sostenibilidad en la comunidad local.<\/b><\/span><\/span><\/p>\n<p class=\"yiv2679588130gmail-Normal1\"><span lang=\"ES\"><span style=\"font-family: arial, sans-serif; font-size: large;\">En <b>Rep\u00fablica Dominicana<\/b>, Grupo Pi\u00f1ero ha llevado sus acciones medioambientales a distintas zonas del pa\u00eds. En <b>B\u00e1varo<\/b>, desde la Fundaci\u00f3n Eco-Bahia, se han instalado centros de acopio en las escuelas de El Cortecito y La Ceiba, en las que tambi\u00e9n se han impartido charlas de concienciaci\u00f3n ambiental para los estudiantes. Adicionalmente, el Grupo ha realizado una capacitaci\u00f3n de reciclaje para sus colaboradores en el Complejo B\u00e1varo. <\/span><\/span><\/p>\n<p class=\"yiv2679588130gmail-Normal1\"><span lang=\"ES\"><span style=\"font-family: arial, sans-serif; font-size: large;\">Asimismo, en la regi\u00f3n de <b>La Romana<\/b>, se ha llevado a cabo una actividad de reforestaci\u00f3n en Ram\u00f3n Santana con la participaci\u00f3n de colaboradores tanto del hotel del Grupo en la zona como de su complejo residencial. Por \u00faltimo, en la <b>Zona Norte<\/b>, Grupo Pi\u00f1ero se ha unido al Circuito de Turismo Sostenible, apoyando como patrocinador junto al Ministerio de Turismo (Mitur), el cual busca promover pr\u00e1cticas de turismo sostenible que respeten y protejan los recursos naturales y culturales de la regi\u00f3n.<\/span><\/span><\/p>\n<p class=\"yiv2679588130gmail-Normal1\"><span lang=\"ES-TRAD\"><span style=\"font-family: arial, sans-serif; font-size: large;\">Por \u00faltimo, en <b>Jamaica<\/b>, se han plantado 100 \u00e1rboles en una zona protegida con la colaboraci\u00f3n de 14 voluntarios de Grupo Pi\u00f1ero para contribuir a la restauraci\u00f3n y preservaci\u00f3n de los ecosistemas locales.<\/span><\/span><\/p>\n<p><strong>Lorena Herrasti.<\/strong><\/p>\n","protected":false},"excerpt":{"rendered":"<p>\u25cf En el marco del D\u00eda Mundial del Medio Ambiente, Grupo Pi\u00f1ero ha lanzado una serie de acciones concretas destinadas a promover la preservaci\u00f3n del capital natural y a fomentar la concienciaci\u00f3n ambiental en Espa\u00f1a, Rep\u00fablica Dominicana, M\u00e9xico y Jamaica. \u25cf En Espa\u00f1a, el Grupo ha dirigido sus iniciativas a la restauraci\u00f3n y protecci\u00f3n de [&hellip;]<\/p>\n","protected":false},"author":1,"featured_media":66624,"comment_status":"closed","ping_status":"open","sticky":false,"template":"","format":"standard","meta":{"rop_custom_images_group":[],"rop_custom_messages_group":[],"rop_publish_now":"initial","rop_publish_now_accounts":[],"rop_publish_now_history":[],"rop_publish_now_status":"pending","footnotes":""},"categories":[67,64,72,66,71],"tags":[],"class_list":["post-66623","post","type-post","status-publish","format-standard","has-post-thumbnail","hentry","category-ciudad","category-educacion","category-estado","category-estilo-de-vida","category-salud"],"_links":{"self":[{"href":"https:\/\/notiissa.mx\/index.php?rest_route=\/wp\/v2\/posts\/66623","targetHints":{"allow":["GET"]}}],"collection":[{"href":"https:\/\/notiissa.mx\/index.php?rest_route=\/wp\/v2\/posts"}],"about":[{"href":"https:\/\/notiissa.mx\/index.php?rest_route=\/wp\/v2\/types\/post"}],"author":[{"embeddable":true,"href":"https:\/\/notiissa.mx\/index.php?rest_route=\/wp\/v2\/users\/1"}],"replies":[{"embeddable":true,"href":"https:\/\/notiissa.mx\/index.php?rest_route=%2Fwp%2Fv2%2Fcomments&post=66623"}],"version-history":[{"count":1,"href":"https:\/\/notiissa.mx\/index.php?rest_route=\/wp\/v2\/posts\/66623\/revisions"}],"predecessor-version":[{"id":66625,"href":"https:\/\/notiissa.mx\/index.php?rest_route=\/wp\/v2\/posts\/66623\/revisions\/66625"}],"wp:featuredmedia":[{"embeddable":true,"href":"https:\/\/notiissa.mx\/index.php?rest_route=\/wp\/v2\/media\/66624"}],"wp:attachment":[{"href":"https:\/\/notiissa.mx\/index.php?rest_route=%2Fwp%2Fv2%2Fmedia&parent=66623"}],"wp:term":[{"taxonomy":"category","embeddable":true,"href":"https:\/\/notiissa.mx\/index.php?rest_route=%2Fwp%2Fv2%2Fcategories&post=66623"},{"taxonomy":"post_tag","embeddable":true,"href":"https:\/\/notiissa.mx\/index.php?rest_route=%2Fwp%2Fv2%2Ftags&post=66623"}],"curies":[{"name":"wp","href":"https:\/\/api.w.org\/{rel}","templated":true}]}}