{"id":6558,"date":"2015-10-22T15:34:01","date_gmt":"2015-10-22T15:34:01","guid":{"rendered":"http:\/\/notiissa.mx\/?p=6558"},"modified":"2015-10-22T15:34:01","modified_gmt":"2015-10-22T15:34:01","slug":"reconocen-trayectoria-de-jesus-diaz-en-el-festival-de-jazz","status":"publish","type":"post","link":"https:\/\/notiissa.mx\/?p=6558","title":{"rendered":"Reconocen trayectoria de Jes\u00fas D\u00edaz en el Festival de Jazz"},"content":{"rendered":"<p style=\"text-align: justify;\">Chihuahua.- El connotado m\u00fasico chihuahuense, fundador de la orquesta de Jazz de la UACH,\u00a0 Jes\u00fas D\u00edaz Ramos, recibi\u00f3 un sentido homenaje y reconocimiento por su destacada trayectoria musical por m\u00e1s de 50 a\u00f1os, en el marco del Quinto Festival de jazz.<\/p>\n<p>Fue durante el concierto de la Big Band Jazz de la Facultad de Artes, que este mi\u00e9rcoles 21 de octubre en el Teatro de los H\u00e9roes, reuni\u00f3 a un grupo de m\u00fasicos, alumnos, egresados, familiares, maestros de la facultad y organizadores del festival para homenajear al director de la orquesta.<\/p>\n<p style=\"text-align: justify;\">Luego de interpretar diversas melod\u00edas, se hizo un intermedio para la entrega del reconocimiento por parte de Sergio Reaza Esc\u00e1rcega, director del Instituto Chihuahuense de la Cultura y el director de la Facultad de Artes de la UACH,\u00a0 Ra\u00fal S\u00e1nchez Trillo.<\/p>\n<p style=\"text-align: justify;\">\u201cEntra\u00f1able hacedor de sonidos de su tiempo, formador de m\u00fasicos cuyo legado ha contribuido a la vida cultural de Chihuahua\u201d, se le\u00eda en la placa conmemorativa, momento que se torn\u00f3 aun mas emotivo cuando la esposa del artista subi\u00f3 al escenario para entregarle un arreglo floral.<\/p>\n<p style=\"text-align: justify;\">El Mtro. D\u00edaz, agradeci\u00f3 a las autoridades por el homenaje y el apoyo a los amigos y familiares por la asistencia, adem\u00e1s de destacar a los m\u00fasicos que lo acompa\u00f1an en la orquesta, a su esposa e hijos.<\/p>\n<p style=\"text-align: justify;\">El evento finaliz\u00f3 con la intervenci\u00f3n de un ensamble encabezado por el Mtro. D\u00edaz en el saxof\u00f3n y acompa\u00f1ado por Ricardo Gonz\u00e1lez en el piano; Gabriel Pe\u00f1a en la guitarra; Ricardo Navarro en la bater\u00eda y Luis Ch\u00e1vez en el bajo.<\/p>\n<p style=\"text-align: justify;\">La Big Band integrada por 15 m\u00fasicos catedr\u00e1ticos, ex alumnos y alumnos de la Facultad de Artes, cont\u00f3 con la interpretaci\u00f3n en la voz de los cantantes Marcia Pamela y Pete Garc\u00eda.<\/p>\n<p style=\"text-align: justify;\">Nacido en Chihuahua, Chihuahua en el a\u00f1o de 1949 Jes\u00fas D\u00edaz Ramos, se integra a la vida musical desde muy peque\u00f1o con una trayectoria que abarca m\u00e1s de cincuenta a\u00f1os en la m\u00fasica durante los cuales ha aportado su talento y sus conocimientos a la m\u00fasica chihuahuense y mexicana como int\u00e9rprete, compositor y docente.<\/p>\n<p>Algunos de los momentos m\u00e1s significativos de su carrera son:<\/p>\n<p style=\"text-align: justify;\">Su participaci\u00f3n, en 1960, en una serie de conciertos con los hermanos Contreras en \u201cLa Rana Verde\u201d, espacio donde se organizaban verbenas de Jazz.<\/p>\n<p style=\"text-align: justify;\">En el a\u00f1o 1962, a su ingreso en la Secundaria de la Escuela Normal del Estado, colabora como integrante de la Orquesta perteneciente a dicha instituci\u00f3n, bajo la direcci\u00f3n del Mtro. Jes\u00fas S\u00e1nchez.<\/p>\n<p style=\"text-align: justify;\">Posteriormente, fue invitado por el maestro Fernando Fern\u00e1ndez a tocar en La Piedras Brass, una de las mejores bandas del Distrito Federal.<\/p>\n<p style=\"text-align: justify;\">En los a\u00f1os 1970-1971, trabaj\u00f3 con el Pianista de Jazz Roberto \u201cEl Chamaco\u201d Vargas.<\/p>\n<p style=\"text-align: justify;\">Ha recibido varias constancias por Orquestaci\u00f3n y Arreglos, as\u00ed como por sus presentaciones musicales y actividades acad\u00e9micas.<\/p>\n<p>Es fundador de la Banda Universitaria de la U.A.CH., as\u00ed como del Cuarteto de Saxofones, agrupaciones con la que ha realizado m\u00faltiples presentaciones dentro y fuera del estado.<\/p>\n","protected":false},"excerpt":{"rendered":"<p>Chihuahua.- El connotado m\u00fasico chihuahuense, fundador de la orquesta de Jazz de la UACH,\u00a0 Jes\u00fas D\u00edaz Ramos, recibi\u00f3 un sentido homenaje y reconocimiento por su destacada trayectoria musical por m\u00e1s de 50 a\u00f1os, en el marco del Quinto Festival de jazz. Fue durante el concierto de la Big Band Jazz de la Facultad de Artes, [&hellip;]<\/p>\n","protected":false},"author":1,"featured_media":6559,"comment_status":"open","ping_status":"open","sticky":false,"template":"","format":"standard","meta":{"rop_custom_images_group":[],"rop_custom_messages_group":[],"rop_publish_now":"initial","rop_publish_now_accounts":[],"rop_publish_now_history":[],"rop_publish_now_status":"pending","footnotes":""},"categories":[62],"tags":[],"class_list":["post-6558","post","type-post","status-publish","format-standard","has-post-thumbnail","hentry","category-cultura"],"_links":{"self":[{"href":"https:\/\/notiissa.mx\/index.php?rest_route=\/wp\/v2\/posts\/6558","targetHints":{"allow":["GET"]}}],"collection":[{"href":"https:\/\/notiissa.mx\/index.php?rest_route=\/wp\/v2\/posts"}],"about":[{"href":"https:\/\/notiissa.mx\/index.php?rest_route=\/wp\/v2\/types\/post"}],"author":[{"embeddable":true,"href":"https:\/\/notiissa.mx\/index.php?rest_route=\/wp\/v2\/users\/1"}],"replies":[{"embeddable":true,"href":"https:\/\/notiissa.mx\/index.php?rest_route=%2Fwp%2Fv2%2Fcomments&post=6558"}],"version-history":[{"count":1,"href":"https:\/\/notiissa.mx\/index.php?rest_route=\/wp\/v2\/posts\/6558\/revisions"}],"predecessor-version":[{"id":6560,"href":"https:\/\/notiissa.mx\/index.php?rest_route=\/wp\/v2\/posts\/6558\/revisions\/6560"}],"wp:featuredmedia":[{"embeddable":true,"href":"https:\/\/notiissa.mx\/index.php?rest_route=\/wp\/v2\/media\/6559"}],"wp:attachment":[{"href":"https:\/\/notiissa.mx\/index.php?rest_route=%2Fwp%2Fv2%2Fmedia&parent=6558"}],"wp:term":[{"taxonomy":"category","embeddable":true,"href":"https:\/\/notiissa.mx\/index.php?rest_route=%2Fwp%2Fv2%2Fcategories&post=6558"},{"taxonomy":"post_tag","embeddable":true,"href":"https:\/\/notiissa.mx\/index.php?rest_route=%2Fwp%2Fv2%2Ftags&post=6558"}],"curies":[{"name":"wp","href":"https:\/\/api.w.org\/{rel}","templated":true}]}}