{"id":65526,"date":"2024-06-09T09:03:26","date_gmt":"2024-06-09T15:03:26","guid":{"rendered":"https:\/\/notiissa.mx\/?p=65526"},"modified":"2024-06-09T09:03:26","modified_gmt":"2024-06-09T15:03:26","slug":"invitan-a-la-feria-del-libro-de-la-frontera-2024","status":"publish","type":"post","link":"https:\/\/notiissa.mx\/?p=65526","title":{"rendered":"Invitan a la Feria del Libro de la Frontera 2024"},"content":{"rendered":"<p><em>Del 21 al 30 de junio de 9:00 a 21:00 horas, en el Centro de Convenciones Injectronic; entrada libre.<\/em><\/p>\n<p><strong>Ciudad de Chihuahua.-<\/strong> La Secretar\u00eda de Cultura invita a la programaci\u00f3n que ofrecer\u00e1 la Feria del Libro de la Frontera (FELIF), que se llevar\u00e1 a cabo del 21 al 30 de junio de 9:00 a 21:00 horas, con entrada libre en las instalaciones del Centro de Convenciones Injectronic.<\/p>\n<p>El evento dispondr\u00e1 de una amplia gama de actividades para todas las edades, entre las que destacan: El Encuentro de Literatura Noir y de Novela Policiaca, el \u201cSlam Poetry\u201d con poetas latinoamericanos, y el Encuentro de Mediadores de Lectura, un espacio para compartir experiencias y estrategias que fomenten el h\u00e1bito en la comunidad.<\/p>\n<p>Entre los autores que se presentar\u00e1n, se encuentran el cuentista Agust\u00edn Monsreal, la guionista Paz Alicia Garciadiego, y el poeta y narrador Balam Rodrigo.<\/p>\n<p>Tambi\u00e9n el director de cine, m\u00fasico y artista pl\u00e1stico Sergio Arau; Javier Sicilia, novelista, poeta y traductor; la escritora Luna Miguel y el ilustrador Juan Gedovius, entre otros.<\/p>\n<p>Adem\u00e1s se realizar\u00e1n las tradicionales \u201cNoches con la Literatura\u201d, donde el p\u00fablico podr\u00e1 disfrutar de charlas y di\u00e1logos con escritoras y escritores de trayectoria nacional e internacional, con el objetivo de enriquecer el conocimiento y perspectiva sobre la creaci\u00f3n literaria y la industria editorial.<\/p>\n<p>En esta edici\u00f3n se contar\u00e1 con tres secciones; el Pabell\u00f3n Editorial, con las obras y publicaciones de las editoriales invitadas, y con la secci\u00f3n dedicada al libro antiguo que ofrecer\u00e1 ejemplares de ediciones primeras, raras o est\u00e9ticas.<\/p>\n<p>El Pabell\u00f3n Infantil, que tendr\u00e1 actividades educativas y de entretenimiento para las ni\u00f1as y ni\u00f1os, y el Pabell\u00f3n Alternativo, d\u00f3nde se instalar\u00e1n editoriales como: S.A.R.A, La Duplicadora, Ricos Jugos, Pitzilein Books, Perritos Independientes, entre otras.<\/p>\n<p>Bajo el lema \u201cPoes\u00eda y disidencias\u201d que distingue a esta edici\u00f3n, se aborda el goce de la vida en armon\u00eda y respeto a la otredad, especialmente en las \u00e9pocas de pandemia, las migraciones forzadas y las diversas violencias y desacuerdos por los que atraviesa el mundo.<\/p>\n<p>La FELIF busca el cercamiento humano a trav\u00e9s del lenguaje est\u00e9tico y los acuerdos a los que como humanidad, se pueden llegar a partir de la reflexi\u00f3n y el arte, sobre todo, como una oportunidad para que el dialogo construya comunidades m\u00e1s sensibles y reflexivas.<\/p>\n<p>El Centro de Convenciones Injectronic se encuentra ubicado en la en la avenida A. J. Berm\u00fadez 2050. La cartelera completa se encuentra disponible en: www.culturachihuahua.com\/felif.<\/p>\n<p>Para mayores informes, ingresar a la p\u00e1gina: www.facebook.com\/FLFjuarezmx<\/p>\n","protected":false},"excerpt":{"rendered":"<p>Del 21 al 30 de junio de 9:00 a 21:00 horas, en el Centro de Convenciones Injectronic; entrada libre. Ciudad de Chihuahua.- La Secretar\u00eda de Cultura invita a la programaci\u00f3n que ofrecer\u00e1 la Feria del Libro de la Frontera (FELIF), que se llevar\u00e1 a cabo del 21 al 30 de junio de 9:00 a 21:00 [&hellip;]<\/p>\n","protected":false},"author":1,"featured_media":65527,"comment_status":"closed","ping_status":"open","sticky":false,"template":"","format":"standard","meta":{"rop_custom_images_group":[],"rop_custom_messages_group":[],"rop_publish_now":"initial","rop_publish_now_accounts":[],"rop_publish_now_history":[],"rop_publish_now_status":"pending","footnotes":""},"categories":[67,62,72,74],"tags":[],"class_list":["post-65526","post","type-post","status-publish","format-standard","has-post-thumbnail","hentry","category-ciudad","category-cultura","category-estado","category-literatura"],"_links":{"self":[{"href":"https:\/\/notiissa.mx\/index.php?rest_route=\/wp\/v2\/posts\/65526","targetHints":{"allow":["GET"]}}],"collection":[{"href":"https:\/\/notiissa.mx\/index.php?rest_route=\/wp\/v2\/posts"}],"about":[{"href":"https:\/\/notiissa.mx\/index.php?rest_route=\/wp\/v2\/types\/post"}],"author":[{"embeddable":true,"href":"https:\/\/notiissa.mx\/index.php?rest_route=\/wp\/v2\/users\/1"}],"replies":[{"embeddable":true,"href":"https:\/\/notiissa.mx\/index.php?rest_route=%2Fwp%2Fv2%2Fcomments&post=65526"}],"version-history":[{"count":1,"href":"https:\/\/notiissa.mx\/index.php?rest_route=\/wp\/v2\/posts\/65526\/revisions"}],"predecessor-version":[{"id":65528,"href":"https:\/\/notiissa.mx\/index.php?rest_route=\/wp\/v2\/posts\/65526\/revisions\/65528"}],"wp:featuredmedia":[{"embeddable":true,"href":"https:\/\/notiissa.mx\/index.php?rest_route=\/wp\/v2\/media\/65527"}],"wp:attachment":[{"href":"https:\/\/notiissa.mx\/index.php?rest_route=%2Fwp%2Fv2%2Fmedia&parent=65526"}],"wp:term":[{"taxonomy":"category","embeddable":true,"href":"https:\/\/notiissa.mx\/index.php?rest_route=%2Fwp%2Fv2%2Fcategories&post=65526"},{"taxonomy":"post_tag","embeddable":true,"href":"https:\/\/notiissa.mx\/index.php?rest_route=%2Fwp%2Fv2%2Ftags&post=65526"}],"curies":[{"name":"wp","href":"https:\/\/api.w.org\/{rel}","templated":true}]}}