{"id":6535,"date":"2015-10-22T03:38:17","date_gmt":"2015-10-22T03:38:17","guid":{"rendered":"http:\/\/notiissa.mx\/?p=6535"},"modified":"2015-10-22T03:38:17","modified_gmt":"2015-10-22T03:38:17","slug":"presentaran-primer-disco-de-jazz-raramuri-raramuri-raicharame","status":"publish","type":"post","link":"https:\/\/notiissa.mx\/?p=6535","title":{"rendered":"Presentar\u00e1n primer disco de jazz rar\u00e1muri, \u201cRar\u00e1muri Ra\u2019icharame\u201d"},"content":{"rendered":"<p>&#8211; En Casa Chihuahua el jueves 29 de octubre a las 20:00 horas.<\/p>\n<hr \/>\n<p>&nbsp;<\/p>\n<p style=\"text-align: justify;\">Iv\u00e1n Almanza en la guitarra, Mauricio Mendoza en el bajo, Salvador Mart\u00ednez en la bater\u00eda y Max Sandoval en el sax alto, son los int\u00e9rpretes e integrantes de la primer banda de m\u00fasica de jazz que evocan en la composici\u00f3n de sus melod\u00edas la valoraci\u00f3n y difusi\u00f3n de la cultura ind\u00edgena del estado grande.<\/p>\n<p style=\"text-align: justify;\">El grupo llamado \u201cHu\u00e9sped\u201d llevar\u00e1 a Casa Chihuahua Centro de Patrimonio Cultural su primer producci\u00f3n discogr\u00e1fica denominada \u201cRar\u00e1muri Ra\u2019icharame\u201d, para interpretar algunas de pieza de su material discogr\u00e1fico. La cita para la presentaci\u00f3n es el pr\u00f3ximo jueves 29 de octubre a las 20:00 horas, con entrada libre.<\/p>\n<p style=\"text-align: justify;\">Desde el jazz, el grupo llamado \u201cHu\u00e9sped\u201d explora un sendero poco transitado a\u00fan por los artistas chihuahuenses y que se conduce en indagar sobre las m\u00fasicas originarias del estado como fuente de inspiraci\u00f3n a causa de la bastedad de elementos caracter\u00edsticos de la grandeza en la cultura ind\u00edgena.<\/p>\n<p style=\"text-align: justify;\">\u201cRar\u00e1muri Ra\u2019icharame\u201d es un proyecto musical beneficiado por el Programa de Apoyo a las Culturas Municipales y Comunitarias (PACMYC) a cargo del baterista del grupo Salvador Mart\u00ednez Estrada, con la finalidad de reconocer el valor de la diversidad de las expresiones art\u00edsticas que pertenecen a esta cultura que integra nuestra sociedad.<\/p>\n<p style=\"text-align: justify;\">El objetivo del PACMYC es apoyar propuestas que rescaten, promuevan y difundan elementos de las tradiciones y las culturas populares e ind\u00edgenas de Chihuahua, por lo tanto este proyecto est\u00e1 dirigido a promover los elementos que caracterizan a la m\u00fasica popular rar\u00e1muri a trav\u00e9s de las fusiones inspiradas en el g\u00e9nero del jazz, adem\u00e1s de incluir t\u00edtulos en lengua rar\u00e1muri como el propio nombre del disco.<\/p>\n<p style=\"text-align: justify;\">En la presentaci\u00f3n del disco se contar\u00e1 con la presencia de los integrantes del grupo de jazz, autoridades ind\u00edgenas, as\u00ed como la responsable del seguimiento del proyecto, Mariana Villareal de Culturas Populares. Al t\u00e9rmino de la interpretaci\u00f3n musical se tendr\u00e1 venta de discos para los asistentes.<\/p>\n<p>&nbsp;<\/p>\n","protected":false},"excerpt":{"rendered":"<p>&#8211; En Casa Chihuahua el jueves 29 de octubre a las 20:00 horas. &nbsp; Iv\u00e1n Almanza en la guitarra, Mauricio Mendoza en el bajo, Salvador Mart\u00ednez en la bater\u00eda y Max Sandoval en el sax alto, son los int\u00e9rpretes e integrantes de la primer banda de m\u00fasica de jazz que evocan en la composici\u00f3n de [&hellip;]<\/p>\n","protected":false},"author":1,"featured_media":6536,"comment_status":"open","ping_status":"open","sticky":false,"template":"","format":"standard","meta":{"rop_custom_images_group":[],"rop_custom_messages_group":[],"rop_publish_now":"initial","rop_publish_now_accounts":[],"rop_publish_now_history":[],"rop_publish_now_status":"pending","footnotes":""},"categories":[62],"tags":[23],"class_list":["post-6535","post","type-post","status-publish","format-standard","has-post-thumbnail","hentry","category-cultura","tag-destacado"],"_links":{"self":[{"href":"https:\/\/notiissa.mx\/index.php?rest_route=\/wp\/v2\/posts\/6535","targetHints":{"allow":["GET"]}}],"collection":[{"href":"https:\/\/notiissa.mx\/index.php?rest_route=\/wp\/v2\/posts"}],"about":[{"href":"https:\/\/notiissa.mx\/index.php?rest_route=\/wp\/v2\/types\/post"}],"author":[{"embeddable":true,"href":"https:\/\/notiissa.mx\/index.php?rest_route=\/wp\/v2\/users\/1"}],"replies":[{"embeddable":true,"href":"https:\/\/notiissa.mx\/index.php?rest_route=%2Fwp%2Fv2%2Fcomments&post=6535"}],"version-history":[{"count":1,"href":"https:\/\/notiissa.mx\/index.php?rest_route=\/wp\/v2\/posts\/6535\/revisions"}],"predecessor-version":[{"id":6537,"href":"https:\/\/notiissa.mx\/index.php?rest_route=\/wp\/v2\/posts\/6535\/revisions\/6537"}],"wp:featuredmedia":[{"embeddable":true,"href":"https:\/\/notiissa.mx\/index.php?rest_route=\/wp\/v2\/media\/6536"}],"wp:attachment":[{"href":"https:\/\/notiissa.mx\/index.php?rest_route=%2Fwp%2Fv2%2Fmedia&parent=6535"}],"wp:term":[{"taxonomy":"category","embeddable":true,"href":"https:\/\/notiissa.mx\/index.php?rest_route=%2Fwp%2Fv2%2Fcategories&post=6535"},{"taxonomy":"post_tag","embeddable":true,"href":"https:\/\/notiissa.mx\/index.php?rest_route=%2Fwp%2Fv2%2Ftags&post=6535"}],"curies":[{"name":"wp","href":"https:\/\/api.w.org\/{rel}","templated":true}]}}