{"id":65161,"date":"2024-05-27T18:51:58","date_gmt":"2024-05-27T18:51:58","guid":{"rendered":"https:\/\/notiissa.mx\/?p=65161"},"modified":"2024-05-27T18:51:58","modified_gmt":"2024-05-27T18:51:58","slug":"enciende-sequia-focos-rojos-para-la-produccion-de-alimentos-umffaac","status":"publish","type":"post","link":"https:\/\/notiissa.mx\/?p=65161","title":{"rendered":"Enciende sequ\u00eda focos rojos para la producci\u00f3n de alimentos: UMFFAAC"},"content":{"rendered":"<p class=\"yiv7829414574gmail-MsoListParagraphCxSpFirst\">\u00a0. \u00a0\u00a0\u00a0\u00a0\u00a0 <b>M\u00e1s del 85 por ciento del territorio nacional con afectaci\u00f3n por falta de lluvias<\/b><\/p>\n<p class=\"yiv7829414574gmail-MsoListParagraphCxSpMiddle\">\u00b7\u00a0\u00a0\u00a0\u00a0\u00a0\u00a0\u00a0 <b>Por debajo del 50 por ciento de su capacidad 73 por ciento de presas de uso agr\u00edcola.<\/b><\/p>\n<p class=\"yiv7829414574gmail-MsoListParagraphCxSpLast\">\u00b7\u00a0\u00a0\u00a0\u00a0\u00a0\u00a0\u00a0\u00a0 <b>Se pronuncia la UMFFAAC por incrementar inversi\u00f3n en investigaci\u00f3n y tecnificaci\u00f3n h\u00eddrica<\/b><b><\/b><\/p>\n<p><strong>Por: Jorge Mart\u00ednez.<\/strong><\/p>\n<p class=\"yiv7829414574MsoNormal\">Poco m\u00e1s del 85 por ciento del territorio nacional se encuentra afectado por falta de lluvias, lo que enciende los focos rojos en el sector rural, ya que un campo sin agua, ser\u00e1 un terreno \u00e1rido que pondr\u00e1 en riesgo la producci\u00f3n de alimentos en nuestro pa\u00eds, asegur\u00f3 la Uni\u00f3n Mexicana de Fabricantes y Formuladores de Agroqu\u00edmicos (UMFFAAC).<\/p>\n<p class=\"yiv7829414574MsoNormal\">El agua es factor determinante en la producci\u00f3n agr\u00edcola, por lo que la industria de protecci\u00f3n de cultivos se pronuncia a favor de incrementar la inversi\u00f3n p\u00fablica y privada en la investigaci\u00f3n y tecnificaci\u00f3n h\u00eddrica de nuestro pa\u00eds, as\u00ed como de una continuidad transexenal que genere infraestructura para la eficiencia de uso, Adem\u00e1s de una mayor capacitaci\u00f3n en el manejo de agroqu\u00edmicos que ayuden a reducir el consumo del vital l\u00edquido.<\/p>\n<p class=\"yiv7829414574MsoNormal\">La industria de protecci\u00f3n de cultivos resalt\u00f3 que seg\u00fan el <i>Monitor de Sequ\u00eda de M\u00e9xico<\/i>, al 15 de mayo, el porcentaje del territorio nacional que presenta alg\u00fan grado de sequ\u00eda es del 70.76 por ciento, mientras que el 14.82 de la superficie se encuentra en la categor\u00eda de anormalmente seco.<\/p>\n<p class=\"yiv7829414574MsoNormal\">Este par\u00e1metro, de anormalmente seco, seg\u00fan la Conagua, es la condici\u00f3n que se presenta al inicio o al final de un periodo de sequ\u00eda y puede ocasionar el retraso de la siembra de los cultivos anuales, un limitado crecimiento de los cultivos o pastos y existe el riesgo de incendios.<\/p>\n<p class=\"yiv7829414574MsoNormal\">Asimismo, el porcentaje de la superficie de nuestro pa\u00eds que presenta alg\u00fan grado de sequ\u00eda se increment\u00f3 sensiblemente del 29 de febrero al 15 de mayo, al pasar de 56.64 por ciento, a 70.76 por ciento al 15 de mayo pasado.<\/p>\n<p class=\"yiv7829414574MsoNormal\">Adem\u00e1s, en la Primera Sesi\u00f3n Ordinaria 2024 de la Comisi\u00f3n Intersecretarial para la Atenci\u00f3n de Sequ\u00edas e Inundaciones (CIASI) 2024, se inform\u00f3 que del 1 de enero al 8 de abril de 2024 se registr\u00f3 un d\u00e9ficit de precipitaci\u00f3n acumulada del 30.3 por ciento por debajo del promedio de 1991 al 2020.<\/p>\n<p class=\"yiv7829414574MsoNormal\">Para la UMFFAAC, el problema del agua en el campo no es nuevo y es materia de estudio en cualquier parte del mundo, Sin embargo, este dilema en nuestro pa\u00eds se observa claramente en las presas, porque en algunas de ellas, se tienen niveles bajos como no se hab\u00edan visto desde que se construyeron, por lo que es necesario invertir en el uso eficiente del recurso h\u00eddrico.<\/p>\n<p class=\"yiv7829414574MsoNormal\">En este caso, el Servicio de Informaci\u00f3n Agroalimentaria y Pesquera (SIAP) de la Secretar\u00eda de Agricultura y Desarrollo Rural (SADER) en su reporte de Almacenamiento de Agua en Presas de Uso Agr\u00edcola del 20 de mayo, informa que de 138 presas, 52 presentan niveles por debajo de 20 por ciento de su capacidad, 49 entre 20 y 50 por ciento de su capacidad, y s\u00f3lo 37 est\u00e1n arriba del 50 por ciento.<\/p>\n<p class=\"yiv7829414574MsoNormal\">La UMFFAAC mencion\u00f3 que un hecho importante es que las presas del noroeste de M\u00e9xico est\u00e1n en sus niveles hist\u00f3ricos m\u00e1s bajos, algunas de ellas est\u00e1n en promedio en 11 por ciento y son las que abastecen de riego a las zonas agr\u00edcolas de esa parte del pa\u00eds.<\/p>\n<p class=\"yiv7829414574MsoNormal\">Podemos encontrar casos, en la regi\u00f3n de Sinaloa en los que las presas est\u00e1n al 50 por ciento abajo del promedio de los \u00faltimos cinco a\u00f1os y en el mismo caso est\u00e1 Sonora.<\/p>\n<p class=\"yiv7829414574MsoNormal\">De esta forma, la industria de protecci\u00f3n de cultivos observa un tema serio en la captaci\u00f3n de agua y los agricultores est\u00e1n tomando ya una decisi\u00f3n, incluso de si continuar con cultivos como el ma\u00edz o cambiar como en el caso de Sinaloa donde no tuvieron el \u00faltimo riego y tuvieron que conformarse con cosechar forraje para ganado.<\/p>\n<p class=\"yiv7829414574MsoNormal\">Por su parte, en el caso de Tamaulipas se van a perder miles de hect\u00e1reas de sorgo porque no tienen agua por el bajo volumen en las presas, que est\u00e1n al 18 por ciento de su almacenamiento.<\/p>\n","protected":false},"excerpt":{"rendered":"<p>\u00a0. \u00a0\u00a0\u00a0\u00a0\u00a0 M\u00e1s del 85 por ciento del territorio nacional con afectaci\u00f3n por falta de lluvias \u00b7\u00a0\u00a0\u00a0\u00a0\u00a0\u00a0\u00a0 Por debajo del 50 por ciento de su capacidad 73 por ciento de presas de uso agr\u00edcola. \u00b7\u00a0\u00a0\u00a0\u00a0\u00a0\u00a0\u00a0\u00a0 Se pronuncia la UMFFAAC por incrementar inversi\u00f3n en investigaci\u00f3n y tecnificaci\u00f3n h\u00eddrica Por: Jorge Mart\u00ednez. Poco m\u00e1s del 85 por [&hellip;]<\/p>\n","protected":false},"author":1,"featured_media":65162,"comment_status":"closed","ping_status":"open","sticky":false,"template":"","format":"standard","meta":{"rop_custom_images_group":[],"rop_custom_messages_group":[],"rop_publish_now":"initial","rop_publish_now_accounts":[],"rop_publish_now_history":[],"rop_publish_now_status":"pending","footnotes":""},"categories":[75,67,61,72],"tags":[23],"class_list":["post-65161","post","type-post","status-publish","format-standard","has-post-thumbnail","hentry","category-actualidad","category-ciudad","category-economia","category-estado","tag-destacado"],"_links":{"self":[{"href":"https:\/\/notiissa.mx\/index.php?rest_route=\/wp\/v2\/posts\/65161","targetHints":{"allow":["GET"]}}],"collection":[{"href":"https:\/\/notiissa.mx\/index.php?rest_route=\/wp\/v2\/posts"}],"about":[{"href":"https:\/\/notiissa.mx\/index.php?rest_route=\/wp\/v2\/types\/post"}],"author":[{"embeddable":true,"href":"https:\/\/notiissa.mx\/index.php?rest_route=\/wp\/v2\/users\/1"}],"replies":[{"embeddable":true,"href":"https:\/\/notiissa.mx\/index.php?rest_route=%2Fwp%2Fv2%2Fcomments&post=65161"}],"version-history":[{"count":1,"href":"https:\/\/notiissa.mx\/index.php?rest_route=\/wp\/v2\/posts\/65161\/revisions"}],"predecessor-version":[{"id":65163,"href":"https:\/\/notiissa.mx\/index.php?rest_route=\/wp\/v2\/posts\/65161\/revisions\/65163"}],"wp:featuredmedia":[{"embeddable":true,"href":"https:\/\/notiissa.mx\/index.php?rest_route=\/wp\/v2\/media\/65162"}],"wp:attachment":[{"href":"https:\/\/notiissa.mx\/index.php?rest_route=%2Fwp%2Fv2%2Fmedia&parent=65161"}],"wp:term":[{"taxonomy":"category","embeddable":true,"href":"https:\/\/notiissa.mx\/index.php?rest_route=%2Fwp%2Fv2%2Fcategories&post=65161"},{"taxonomy":"post_tag","embeddable":true,"href":"https:\/\/notiissa.mx\/index.php?rest_route=%2Fwp%2Fv2%2Ftags&post=65161"}],"curies":[{"name":"wp","href":"https:\/\/api.w.org\/{rel}","templated":true}]}}