{"id":65015,"date":"2024-05-23T17:37:50","date_gmt":"2024-05-23T17:37:50","guid":{"rendered":"https:\/\/notiissa.mx\/?p=65015"},"modified":"2024-05-23T17:37:50","modified_gmt":"2024-05-23T17:37:50","slug":"inicia-carlos-rivera-los-festejos-por-el-bicentenario-de-chihuahua","status":"publish","type":"post","link":"https:\/\/notiissa.mx\/?p=65015","title":{"rendered":"Inicia Carlos Rivera los festejos por el Bicentenario de Chihuahua"},"content":{"rendered":"<p>Alrededor de 10 mil delicienses se dieron cita en las instalaciones de la Feria Expo Delicias, para deleitarse con las interpretaciones del cantante mexicano Carlos Rivera, como parte de la apertura del festival art\u00edstico \u201cRumbo al Bicentenario del Estado de Chihuahua\u201d.<\/p>\n<p>\u201cMe gust\u00f3 tanto Chihuahua que me dijeron qu\u00e9date, y yo me qued\u00e9\u201d, expres\u00f3 el artista ante los gritos y aplausos del p\u00fablico presente.<\/p>\n<p>Durante dos horas el cantante interpret\u00f3 gran parte de su repertorio. Familias enteras disfrutaron de melod\u00edas como \u201cTe esperaba, \u201cRecu\u00e9rdame\u201d, \u201cQue lo nuestro se quede nuestro\u201d y una de las m\u00e1s ovacionadas de la noche: \u201cC\u00f3mo he de pagarte\u201d.<\/p>\n<p>Este recital organizado por Gobierno del Estado, en coordinaci\u00f3n con el Gobierno Municipal de Delicias, dio inicio a los festejos para honrar la riqueza cultural e hist\u00f3rica de Chihuahua, que celebra sus 200 a\u00f1os como Estado confederado.<\/p>\n<p>Como parte de la programaci\u00f3n del Festival, Carlos Rivera tendr\u00e1 otra presentaci\u00f3n de acceso gratuito en ciudad Cuauht\u00e9moc este jueves 23 de mayo a las 18:00 horas, en la explanada de Feria de San Antonio.<\/p>\n<p>La cartelera de eventos puede consultarse en las redes sociales oficiales de la Secretar\u00eda de Cultura.<\/p>\n","protected":false},"excerpt":{"rendered":"<p>Alrededor de 10 mil delicienses se dieron cita en las instalaciones de la Feria Expo Delicias, para deleitarse con las interpretaciones del cantante mexicano Carlos Rivera, como parte de la apertura del festival art\u00edstico \u201cRumbo al Bicentenario del Estado de Chihuahua\u201d. \u201cMe gust\u00f3 tanto Chihuahua que me dijeron qu\u00e9date, y yo me qued\u00e9\u201d, expres\u00f3 el [&hellip;]<\/p>\n","protected":false},"author":1,"featured_media":65016,"comment_status":"closed","ping_status":"open","sticky":false,"template":"","format":"standard","meta":{"rop_custom_images_group":[],"rop_custom_messages_group":[],"rop_publish_now":"initial","rop_publish_now_accounts":[],"rop_publish_now_history":[],"rop_publish_now_status":"pending","footnotes":""},"categories":[67,70,72],"tags":[23],"class_list":["post-65015","post","type-post","status-publish","format-standard","has-post-thumbnail","hentry","category-ciudad","category-espectaculos","category-estado","tag-destacado"],"_links":{"self":[{"href":"https:\/\/notiissa.mx\/index.php?rest_route=\/wp\/v2\/posts\/65015","targetHints":{"allow":["GET"]}}],"collection":[{"href":"https:\/\/notiissa.mx\/index.php?rest_route=\/wp\/v2\/posts"}],"about":[{"href":"https:\/\/notiissa.mx\/index.php?rest_route=\/wp\/v2\/types\/post"}],"author":[{"embeddable":true,"href":"https:\/\/notiissa.mx\/index.php?rest_route=\/wp\/v2\/users\/1"}],"replies":[{"embeddable":true,"href":"https:\/\/notiissa.mx\/index.php?rest_route=%2Fwp%2Fv2%2Fcomments&post=65015"}],"version-history":[{"count":1,"href":"https:\/\/notiissa.mx\/index.php?rest_route=\/wp\/v2\/posts\/65015\/revisions"}],"predecessor-version":[{"id":65017,"href":"https:\/\/notiissa.mx\/index.php?rest_route=\/wp\/v2\/posts\/65015\/revisions\/65017"}],"wp:featuredmedia":[{"embeddable":true,"href":"https:\/\/notiissa.mx\/index.php?rest_route=\/wp\/v2\/media\/65016"}],"wp:attachment":[{"href":"https:\/\/notiissa.mx\/index.php?rest_route=%2Fwp%2Fv2%2Fmedia&parent=65015"}],"wp:term":[{"taxonomy":"category","embeddable":true,"href":"https:\/\/notiissa.mx\/index.php?rest_route=%2Fwp%2Fv2%2Fcategories&post=65015"},{"taxonomy":"post_tag","embeddable":true,"href":"https:\/\/notiissa.mx\/index.php?rest_route=%2Fwp%2Fv2%2Ftags&post=65015"}],"curies":[{"name":"wp","href":"https:\/\/api.w.org\/{rel}","templated":true}]}}