{"id":64929,"date":"2024-05-20T18:18:08","date_gmt":"2024-05-20T18:18:08","guid":{"rendered":"https:\/\/notiissa.mx\/?p=64929"},"modified":"2024-05-20T18:18:08","modified_gmt":"2024-05-20T18:18:08","slug":"propone-diputada-iniciativa-para-convertir-patios-escolares-en-espacios-verdes","status":"publish","type":"post","link":"https:\/\/notiissa.mx\/?p=64929","title":{"rendered":"Propone Diputada iniciativa para convertir patios escolares en espacios verdes"},"content":{"rendered":"<p><strong>Chihuahua.-<\/strong> En un esfuerzo por reconectar a las generaciones m\u00e1s j\u00f3venes con la naturaleza y promover un entorno de aprendizaje din\u00e1mico y sostenible, la diputada Diana Pereda del Partido Acci\u00f3n Nacional (PAN), ha presentado una iniciativa para transformar los patios escolares en espacios verdes y activos.<\/p>\n<p>\u201cEn la actualidad, nuestras aulas carecen de biodiversidad y los patios escolares, en su mayor\u00eda, son simples extensiones de cemento con escasos \u00e1rboles. Es por ello que enfatizamos la urgencia de convertir nuestros espacios educativos en entornos verdes y vibrantes, donde los ni\u00f1os puedan interactuar con la naturaleza y comprender verdaderamente la importancia de la sostenibilidad\u201d. Coment\u00f3 la diputada Pereda.<\/p>\n<p>La iniciativa propuesta busca reformar la Ley Estatal de Educaci\u00f3n, para permitir que las autoridades educativas locales desarrollen un plan integral para transformar los patios escolares en espacios verdes. Este plan no solo pretende agregar vegetaci\u00f3n a los patios escolares, sino tambi\u00e9n fomentar la comprensi\u00f3n de los ciclos vitales y procesos naturales, promoviendo as\u00ed un entorno de aprendizaje din\u00e1mico y sostenible.<\/p>\n<p>\u00abCada vez m\u00e1s estudios cient\u00edficos respaldan la importancia de las experiencias de contacto con la naturaleza en todas las edades, mejorando no solo la salud mental, sino tambi\u00e9n las interacciones humanas. Es hora de renaturalizar nuestros patios escolares y brindar a nuestros ni\u00f1os la oportunidad de crecer y aprender en entornos m\u00e1s verdes y activos\u00bb. Afirm\u00f3 la diputada Pereda.<\/p>\n<p>Esta iniciativa, de ser aprobada, marcar\u00e1 un paso hacia la creaci\u00f3n de espacios educativos m\u00e1s saludables y en armon\u00eda con la naturaleza. La diputada Pereda hizo un llamado a todos los sectores de la sociedad para apoyar esta noble causa y trabajar juntos en la construcci\u00f3n de un futuro m\u00e1s verde y sostenible para las siguientes\u00a0generaciones.<\/p>\n","protected":false},"excerpt":{"rendered":"<p>Chihuahua.- En un esfuerzo por reconectar a las generaciones m\u00e1s j\u00f3venes con la naturaleza y promover un entorno de aprendizaje din\u00e1mico y sostenible, la diputada Diana Pereda del Partido Acci\u00f3n Nacional (PAN), ha presentado una iniciativa para transformar los patios escolares en espacios verdes y activos. \u201cEn la actualidad, nuestras aulas carecen de biodiversidad y [&hellip;]<\/p>\n","protected":false},"author":1,"featured_media":64930,"comment_status":"closed","ping_status":"open","sticky":false,"template":"","format":"standard","meta":{"rop_custom_images_group":[],"rop_custom_messages_group":[],"rop_publish_now":"initial","rop_publish_now_accounts":[],"rop_publish_now_history":[],"rop_publish_now_status":"pending","footnotes":""},"categories":[67,72],"tags":[],"class_list":["post-64929","post","type-post","status-publish","format-standard","has-post-thumbnail","hentry","category-ciudad","category-estado"],"_links":{"self":[{"href":"https:\/\/notiissa.mx\/index.php?rest_route=\/wp\/v2\/posts\/64929","targetHints":{"allow":["GET"]}}],"collection":[{"href":"https:\/\/notiissa.mx\/index.php?rest_route=\/wp\/v2\/posts"}],"about":[{"href":"https:\/\/notiissa.mx\/index.php?rest_route=\/wp\/v2\/types\/post"}],"author":[{"embeddable":true,"href":"https:\/\/notiissa.mx\/index.php?rest_route=\/wp\/v2\/users\/1"}],"replies":[{"embeddable":true,"href":"https:\/\/notiissa.mx\/index.php?rest_route=%2Fwp%2Fv2%2Fcomments&post=64929"}],"version-history":[{"count":1,"href":"https:\/\/notiissa.mx\/index.php?rest_route=\/wp\/v2\/posts\/64929\/revisions"}],"predecessor-version":[{"id":64931,"href":"https:\/\/notiissa.mx\/index.php?rest_route=\/wp\/v2\/posts\/64929\/revisions\/64931"}],"wp:featuredmedia":[{"embeddable":true,"href":"https:\/\/notiissa.mx\/index.php?rest_route=\/wp\/v2\/media\/64930"}],"wp:attachment":[{"href":"https:\/\/notiissa.mx\/index.php?rest_route=%2Fwp%2Fv2%2Fmedia&parent=64929"}],"wp:term":[{"taxonomy":"category","embeddable":true,"href":"https:\/\/notiissa.mx\/index.php?rest_route=%2Fwp%2Fv2%2Fcategories&post=64929"},{"taxonomy":"post_tag","embeddable":true,"href":"https:\/\/notiissa.mx\/index.php?rest_route=%2Fwp%2Fv2%2Ftags&post=64929"}],"curies":[{"name":"wp","href":"https:\/\/api.w.org\/{rel}","templated":true}]}}