{"id":64634,"date":"2024-05-08T23:04:09","date_gmt":"2024-05-08T23:04:09","guid":{"rendered":"https:\/\/notiissa.mx\/?p=64634"},"modified":"2024-05-08T23:04:09","modified_gmt":"2024-05-08T23:04:09","slug":"se-reune-amlo-con-primer-ministro-de-belice","status":"publish","type":"post","link":"https:\/\/notiissa.mx\/?p=64634","title":{"rendered":"Se re\u00fane AMLO con primer ministro de Belice"},"content":{"rendered":"<h1 class=\"bottom-buffer\">En Palacio Nacional.<\/h1>\n<h2>Los temas: cooperaci\u00f3n para el desarrollo, energ\u00eda y seguridad regional.<\/h2>\n<p><strong>Impulso a la integraci\u00f3n centroamericana con proyectos como el Tren Maya y Sembrando Vida y migraci\u00f3n.<\/strong><\/p>\n<p>Ciudad de M\u00e9xico.-En Palacio Nacional, el presidente Andr\u00e9s Manuel L\u00f3pez Obrador recibi\u00f3 en visita oficial al primer ministro de Belice, Juan Antonio Brice\u00f1o, para conversar sobre acciones que mantengan el fortalecimiento de la relaci\u00f3n de amistad y cooperaci\u00f3n entre ambos pa\u00edses. La reuni\u00f3n marca un hito en la cooperaci\u00f3n bilateral y en el compromiso mutuo de trabajar en conjunto por el bienestar de sus pueblos.<\/p>\n<p>Durante el encuentro, el presidente L\u00f3pez Obrador y el primer ministro Brice\u00f1o abordaron una amplia gama de temas de inter\u00e9s com\u00fan, incluyendo cooperaci\u00f3n para el desarrollo, energ\u00eda, seguridad regional, impulso a la integraci\u00f3n centroamericana con proyectos como el Tren Maya y Sembrando Vida, as\u00ed como migraci\u00f3n.<\/p>\n<p>Los l\u00edderes reafirmaron el compromiso con el di\u00e1logo constructivo y la colaboraci\u00f3n efectiva ante los desaf\u00edos que enfrentan las dos naciones y la regi\u00f3n en su conjunto.<\/p>\n<p>El presidente L\u00f3pez Obrador agradeci\u00f3 al primer ministro Brice\u00f1o por el esp\u00edritu de colaboraci\u00f3n y amistad que ha caracterizado la relaci\u00f3n entre ambos pa\u00edses a lo largo de los a\u00f1os, y ratific\u00f3 el inter\u00e9s de M\u00e9xico en mantener el trabajo, junto con Belice, en la construcci\u00f3n de un futuro pr\u00f3spero y seguro para las dos naciones y sus comunidades.<\/p>\n<p>Acompa\u00f1aron a los mandatarios, la subsecretaria para Am\u00e9rica Latina y el Caribe de la Secretar\u00eda de Relaciones Exteriores (SRE), Laura Elena Carrillo Cubillas; y el embajador de Belice en M\u00e9xico, Oscar Lorenzo Arnold.<\/p>\n<p>Ayer, en la sede de la SRE, el primer ministro Brice\u00f1o firm\u00f3 la adhesi\u00f3n de Belice al convenio constitutivo de la Agencia Latinoamericana y Caribe\u00f1a del Espacio (ALCE), acto en el que la canciller Alicia B\u00e1rcena Ibarra fungi\u00f3 como testigo de honor.<\/p>\n<p>Con la futura adhesi\u00f3n, Belice se une a los 20 pa\u00edses de Am\u00e9rica Latina y el Caribe que convinieron consolidar una organizaci\u00f3n regional para coordinar las actividades de exploraci\u00f3n, investigaci\u00f3n y tecnolog\u00eda en el campo espacial, que contribuya al desarrollo integral sostenible.<\/p>\n","protected":false},"excerpt":{"rendered":"<p>En Palacio Nacional. Los temas: cooperaci\u00f3n para el desarrollo, energ\u00eda y seguridad regional. Impulso a la integraci\u00f3n centroamericana con proyectos como el Tren Maya y Sembrando Vida y migraci\u00f3n. Ciudad de M\u00e9xico.-En Palacio Nacional, el presidente Andr\u00e9s Manuel L\u00f3pez Obrador recibi\u00f3 en visita oficial al primer ministro de Belice, Juan Antonio Brice\u00f1o, para conversar sobre [&hellip;]<\/p>\n","protected":false},"author":1,"featured_media":64635,"comment_status":"closed","ping_status":"open","sticky":false,"template":"","format":"standard","meta":{"rop_custom_images_group":[],"rop_custom_messages_group":[],"rop_publish_now":"initial","rop_publish_now_accounts":[],"rop_publish_now_history":[],"rop_publish_now_status":"pending","footnotes":""},"categories":[60],"tags":[],"class_list":["post-64634","post","type-post","status-publish","format-standard","has-post-thumbnail","hentry","category-sonnoticia"],"_links":{"self":[{"href":"https:\/\/notiissa.mx\/index.php?rest_route=\/wp\/v2\/posts\/64634","targetHints":{"allow":["GET"]}}],"collection":[{"href":"https:\/\/notiissa.mx\/index.php?rest_route=\/wp\/v2\/posts"}],"about":[{"href":"https:\/\/notiissa.mx\/index.php?rest_route=\/wp\/v2\/types\/post"}],"author":[{"embeddable":true,"href":"https:\/\/notiissa.mx\/index.php?rest_route=\/wp\/v2\/users\/1"}],"replies":[{"embeddable":true,"href":"https:\/\/notiissa.mx\/index.php?rest_route=%2Fwp%2Fv2%2Fcomments&post=64634"}],"version-history":[{"count":1,"href":"https:\/\/notiissa.mx\/index.php?rest_route=\/wp\/v2\/posts\/64634\/revisions"}],"predecessor-version":[{"id":64636,"href":"https:\/\/notiissa.mx\/index.php?rest_route=\/wp\/v2\/posts\/64634\/revisions\/64636"}],"wp:featuredmedia":[{"embeddable":true,"href":"https:\/\/notiissa.mx\/index.php?rest_route=\/wp\/v2\/media\/64635"}],"wp:attachment":[{"href":"https:\/\/notiissa.mx\/index.php?rest_route=%2Fwp%2Fv2%2Fmedia&parent=64634"}],"wp:term":[{"taxonomy":"category","embeddable":true,"href":"https:\/\/notiissa.mx\/index.php?rest_route=%2Fwp%2Fv2%2Fcategories&post=64634"},{"taxonomy":"post_tag","embeddable":true,"href":"https:\/\/notiissa.mx\/index.php?rest_route=%2Fwp%2Fv2%2Ftags&post=64634"}],"curies":[{"name":"wp","href":"https:\/\/api.w.org\/{rel}","templated":true}]}}