{"id":64602,"date":"2024-05-08T14:48:12","date_gmt":"2024-05-08T14:48:12","guid":{"rendered":"https:\/\/notiissa.mx\/?p=64602"},"modified":"2024-05-08T14:48:12","modified_gmt":"2024-05-08T14:48:12","slug":"exhortan-a-padres-de-familia-a-cuidar-de-sus-hijos-al-visitar-la-feria-de-santa-rita","status":"publish","type":"post","link":"https:\/\/notiissa.mx\/?p=64602","title":{"rendered":"Exhortan a padres de familia a cuidar de sus hijos al visitar la Feria de Santa Rita"},"content":{"rendered":"<p><strong>Ciudad de Chihuahua.-<\/strong> Llaman a padres de familia a cuidar a sus hijos al visitar las Ferias de Santa Rita, con el fin de velar por el bien de ellos y evitar alg\u00fan tipo de incidente.<\/p>\n<p>En su mensaje, el director de la Direcci\u00f3n de Seguridad P\u00fablica Municipal, Julio Salas, coment\u00f3 que desde el inicio de la feria, a la fecha, la Polic\u00eda Municipal ha tenido cuatro reportes de menores extraviados, por lo que pidi\u00f3 a los pap\u00e1s de los menores a cuidar de ellos y estar m\u00e1s al pendiente al momento de disfrutar de alguna atracci\u00f3n o espect\u00e1culo.<\/p>\n<p>De igual forma, reiter\u00f3 que se tiene un operativo constante y est\u00e1n en coordinaci\u00f3n con las corporaciones estatales, para brindar una mayor seguridad a las familias chihuahuenses que asistan a la Feria.<\/p>\n<p>Asimismo, coment\u00f3 que, en este per\u00edodo, tambi\u00e9n han brindado primeros auxilios en dos casos, apoyado a la ciudadan\u00eda en ocho ocasiones, se tuvieron dos detenidos por faltas, clausurado dos bares, dos incendios, un vuelo de drones y del Halc\u00f3n, as\u00ed como una entrevista.<\/p>\n<p>Por otra parte, comparti\u00f3 que la Mesa de Seguridad Regional, que se tuvo el d\u00eda de ayer, inform\u00f3 que la semana pasada se tuvo la detenci\u00f3n de 144 personas por diversos delitos o faltas, esto por parte de todas las corporaciones, adem\u00e1s de que se aseguraron m\u00e1s de 33 mil dosis de sustancias.<\/p>\n","protected":false},"excerpt":{"rendered":"<p>Ciudad de Chihuahua.- Llaman a padres de familia a cuidar a sus hijos al visitar las Ferias de Santa Rita, con el fin de velar por el bien de ellos y evitar alg\u00fan tipo de incidente. En su mensaje, el director de la Direcci\u00f3n de Seguridad P\u00fablica Municipal, Julio Salas, coment\u00f3 que desde el inicio [&hellip;]<\/p>\n","protected":false},"author":1,"featured_media":64603,"comment_status":"closed","ping_status":"open","sticky":false,"template":"","format":"standard","meta":{"rop_custom_images_group":[],"rop_custom_messages_group":[],"rop_publish_now":"initial","rop_publish_now_accounts":[],"rop_publish_now_history":[],"rop_publish_now_status":"pending","footnotes":""},"categories":[67],"tags":[],"class_list":["post-64602","post","type-post","status-publish","format-standard","has-post-thumbnail","hentry","category-ciudad"],"_links":{"self":[{"href":"https:\/\/notiissa.mx\/index.php?rest_route=\/wp\/v2\/posts\/64602","targetHints":{"allow":["GET"]}}],"collection":[{"href":"https:\/\/notiissa.mx\/index.php?rest_route=\/wp\/v2\/posts"}],"about":[{"href":"https:\/\/notiissa.mx\/index.php?rest_route=\/wp\/v2\/types\/post"}],"author":[{"embeddable":true,"href":"https:\/\/notiissa.mx\/index.php?rest_route=\/wp\/v2\/users\/1"}],"replies":[{"embeddable":true,"href":"https:\/\/notiissa.mx\/index.php?rest_route=%2Fwp%2Fv2%2Fcomments&post=64602"}],"version-history":[{"count":1,"href":"https:\/\/notiissa.mx\/index.php?rest_route=\/wp\/v2\/posts\/64602\/revisions"}],"predecessor-version":[{"id":64604,"href":"https:\/\/notiissa.mx\/index.php?rest_route=\/wp\/v2\/posts\/64602\/revisions\/64604"}],"wp:featuredmedia":[{"embeddable":true,"href":"https:\/\/notiissa.mx\/index.php?rest_route=\/wp\/v2\/media\/64603"}],"wp:attachment":[{"href":"https:\/\/notiissa.mx\/index.php?rest_route=%2Fwp%2Fv2%2Fmedia&parent=64602"}],"wp:term":[{"taxonomy":"category","embeddable":true,"href":"https:\/\/notiissa.mx\/index.php?rest_route=%2Fwp%2Fv2%2Fcategories&post=64602"},{"taxonomy":"post_tag","embeddable":true,"href":"https:\/\/notiissa.mx\/index.php?rest_route=%2Fwp%2Fv2%2Ftags&post=64602"}],"curies":[{"name":"wp","href":"https:\/\/api.w.org\/{rel}","templated":true}]}}