{"id":64522,"date":"2024-05-05T16:55:22","date_gmt":"2024-05-05T16:55:22","guid":{"rendered":"https:\/\/notiissa.mx\/?p=64522"},"modified":"2024-05-05T16:55:22","modified_gmt":"2024-05-05T16:55:22","slug":"celebran-ac-y-chelita-rojas-a-menores-de-pueblos-originarios","status":"publish","type":"post","link":"https:\/\/notiissa.mx\/?p=64522","title":{"rendered":"Celebran AC y Chelita Rojas a menores de pueblos originarios"},"content":{"rendered":"<p class=\"yiv3254815785MsoNormal\"><strong>Ciudad de Chihuahua.-<\/strong> La Regidora de la Comisi\u00f3n de Ecolog\u00eda Chelita Rojas fue invitada por la directora de la asociaci\u00f3n Jos\u00e9 Antonio Ro. A.C Profesora Concepci\u00f3n Castellanos a continuar celebrando el d\u00eda de la ni\u00f1ez con ni\u00f1as, ni\u00f1os y adolescentes pertenecientes a pueblos originarios, este fin de semana.<\/p>\n<p class=\"yiv3254815785MsoNormal\">Para refrescarse de la ola de calor que se registra en la ciudad, los festejados disfrutaron actividades f\u00edsicas como la nataci\u00f3n, adem\u00e1s de que disfrutaron la sana convivencia.<\/p>\n<p class=\"yiv3254815785MsoNormal\">La Regidora agradeci\u00f3 la invitaci\u00f3n porque tuvo la oportunidad de conocer el equipo de trabajo de la asociaci\u00f3n civil y de la labor social que realizan para atender a ni\u00f1as, ni\u00f1os y adolescentes que viven en diversos asentamientos tarahumaras.<\/p>\n","protected":false},"excerpt":{"rendered":"<p>Ciudad de Chihuahua.- La Regidora de la Comisi\u00f3n de Ecolog\u00eda Chelita Rojas fue invitada por la directora de la asociaci\u00f3n Jos\u00e9 Antonio Ro. A.C Profesora Concepci\u00f3n Castellanos a continuar celebrando el d\u00eda de la ni\u00f1ez con ni\u00f1as, ni\u00f1os y adolescentes pertenecientes a pueblos originarios, este fin de semana. Para refrescarse de la ola de calor [&hellip;]<\/p>\n","protected":false},"author":1,"featured_media":64523,"comment_status":"closed","ping_status":"open","sticky":false,"template":"","format":"standard","meta":{"rop_custom_images_group":[],"rop_custom_messages_group":[],"rop_publish_now":"initial","rop_publish_now_accounts":[],"rop_publish_now_history":[],"rop_publish_now_status":"pending","footnotes":""},"categories":[67,64],"tags":[23],"class_list":["post-64522","post","type-post","status-publish","format-standard","has-post-thumbnail","hentry","category-ciudad","category-educacion","tag-destacado"],"_links":{"self":[{"href":"https:\/\/notiissa.mx\/index.php?rest_route=\/wp\/v2\/posts\/64522","targetHints":{"allow":["GET"]}}],"collection":[{"href":"https:\/\/notiissa.mx\/index.php?rest_route=\/wp\/v2\/posts"}],"about":[{"href":"https:\/\/notiissa.mx\/index.php?rest_route=\/wp\/v2\/types\/post"}],"author":[{"embeddable":true,"href":"https:\/\/notiissa.mx\/index.php?rest_route=\/wp\/v2\/users\/1"}],"replies":[{"embeddable":true,"href":"https:\/\/notiissa.mx\/index.php?rest_route=%2Fwp%2Fv2%2Fcomments&post=64522"}],"version-history":[{"count":1,"href":"https:\/\/notiissa.mx\/index.php?rest_route=\/wp\/v2\/posts\/64522\/revisions"}],"predecessor-version":[{"id":64524,"href":"https:\/\/notiissa.mx\/index.php?rest_route=\/wp\/v2\/posts\/64522\/revisions\/64524"}],"wp:featuredmedia":[{"embeddable":true,"href":"https:\/\/notiissa.mx\/index.php?rest_route=\/wp\/v2\/media\/64523"}],"wp:attachment":[{"href":"https:\/\/notiissa.mx\/index.php?rest_route=%2Fwp%2Fv2%2Fmedia&parent=64522"}],"wp:term":[{"taxonomy":"category","embeddable":true,"href":"https:\/\/notiissa.mx\/index.php?rest_route=%2Fwp%2Fv2%2Fcategories&post=64522"},{"taxonomy":"post_tag","embeddable":true,"href":"https:\/\/notiissa.mx\/index.php?rest_route=%2Fwp%2Fv2%2Ftags&post=64522"}],"curies":[{"name":"wp","href":"https:\/\/api.w.org\/{rel}","templated":true}]}}