{"id":63861,"date":"2024-04-11T17:24:44","date_gmt":"2024-04-11T17:24:44","guid":{"rendered":"https:\/\/notiissa.mx\/?p=63861"},"modified":"2024-04-11T17:24:44","modified_gmt":"2024-04-11T17:24:44","slug":"propone-diputada-acciones-contra-el-acoso-sexual-en-el-sector-de-la-salud","status":"publish","type":"post","link":"https:\/\/notiissa.mx\/?p=63861","title":{"rendered":"Propone diputada acciones contra el Acoso Sexual en el sector de la Salud"},"content":{"rendered":"<p><strong>Chihuahua.-<\/strong> En el marco del D\u00eda Mundial de la Salud, la legisladora por el Partido Acci\u00f3n Nacional (PAN), Geo Bujanda, hizo un llamado urgente para abordar el aumento del acoso sexual en el sector m\u00e9dico y de la salud.<\/p>\n<p>Seg\u00fan estudios, el personal m\u00e9dico y de salud enfrenta un riesgo alarmante de acoso sexual, con un 220% m\u00e1s de probabilidades que los estudiantes de otras disciplinas. Este fen\u00f3meno, adem\u00e1s de afectar directamente a las v\u00edctimas, crea un ambiente laboral hostil y perjudicial para toda la comunidad.<\/p>\n<p>La iniciativa busca incluir programas de capacitaci\u00f3n dentro de las facultades y atribuciones del Consejo Estatal de Salud, dirigidos a prevenir y abordar la violencia, el acoso y el hostigamiento en el \u00e1mbito m\u00e9dico y de la salud, as\u00ed como entre estudiantes y residentes.<\/p>\n<p>Estos programas no solo dotar\u00e1n al personal de salud de las herramientas necesarias para identificar y enfrentar situaciones de violencia, sino que tambi\u00e9n fomentar\u00e1n una cultura organizacional basada en el respeto y la empat\u00eda.<\/p>\n<p>La diputada Bujanda invita a la acci\u00f3n conjunta para erradicar esta problem\u00e1tica, enfatizando la importancia de tomar medidas concretas para garantizar la protecci\u00f3n y el bienestar de todos los miembros de la comunidad laboral en el sector\u00a0de\u00a0la\u00a0salud.<\/p>\n","protected":false},"excerpt":{"rendered":"<p>Chihuahua.- En el marco del D\u00eda Mundial de la Salud, la legisladora por el Partido Acci\u00f3n Nacional (PAN), Geo Bujanda, hizo un llamado urgente para abordar el aumento del acoso sexual en el sector m\u00e9dico y de la salud. Seg\u00fan estudios, el personal m\u00e9dico y de salud enfrenta un riesgo alarmante de acoso sexual, con [&hellip;]<\/p>\n","protected":false},"author":1,"featured_media":63862,"comment_status":"closed","ping_status":"open","sticky":false,"template":"","format":"standard","meta":{"rop_custom_images_group":[],"rop_custom_messages_group":[],"rop_publish_now":"initial","rop_publish_now_accounts":[],"rop_publish_now_history":[],"rop_publish_now_status":"pending","footnotes":""},"categories":[67,72],"tags":[],"class_list":["post-63861","post","type-post","status-publish","format-standard","has-post-thumbnail","hentry","category-ciudad","category-estado"],"_links":{"self":[{"href":"https:\/\/notiissa.mx\/index.php?rest_route=\/wp\/v2\/posts\/63861","targetHints":{"allow":["GET"]}}],"collection":[{"href":"https:\/\/notiissa.mx\/index.php?rest_route=\/wp\/v2\/posts"}],"about":[{"href":"https:\/\/notiissa.mx\/index.php?rest_route=\/wp\/v2\/types\/post"}],"author":[{"embeddable":true,"href":"https:\/\/notiissa.mx\/index.php?rest_route=\/wp\/v2\/users\/1"}],"replies":[{"embeddable":true,"href":"https:\/\/notiissa.mx\/index.php?rest_route=%2Fwp%2Fv2%2Fcomments&post=63861"}],"version-history":[{"count":1,"href":"https:\/\/notiissa.mx\/index.php?rest_route=\/wp\/v2\/posts\/63861\/revisions"}],"predecessor-version":[{"id":63863,"href":"https:\/\/notiissa.mx\/index.php?rest_route=\/wp\/v2\/posts\/63861\/revisions\/63863"}],"wp:featuredmedia":[{"embeddable":true,"href":"https:\/\/notiissa.mx\/index.php?rest_route=\/wp\/v2\/media\/63862"}],"wp:attachment":[{"href":"https:\/\/notiissa.mx\/index.php?rest_route=%2Fwp%2Fv2%2Fmedia&parent=63861"}],"wp:term":[{"taxonomy":"category","embeddable":true,"href":"https:\/\/notiissa.mx\/index.php?rest_route=%2Fwp%2Fv2%2Fcategories&post=63861"},{"taxonomy":"post_tag","embeddable":true,"href":"https:\/\/notiissa.mx\/index.php?rest_route=%2Fwp%2Fv2%2Ftags&post=63861"}],"curies":[{"name":"wp","href":"https:\/\/api.w.org\/{rel}","templated":true}]}}