{"id":63855,"date":"2024-04-11T17:05:07","date_gmt":"2024-04-11T17:05:07","guid":{"rendered":"https:\/\/notiissa.mx\/?p=63855"},"modified":"2024-04-11T17:05:07","modified_gmt":"2024-04-11T17:05:07","slug":"cancun-54-aniversario-con-10-dias-de-eventos-populares","status":"publish","type":"post","link":"https:\/\/notiissa.mx\/?p=63855","title":{"rendered":"Canc\u00fan: 54\u00b0 aniversario con 10 d\u00edas de eventos populares"},"content":{"rendered":"<p><strong>Quintana Roo.-<\/strong> En el marco del 54 aniversario de la fundaci\u00f3n de la ciudad de Canc\u00fan, se dieron a conocer las actividades que tendr\u00e1n lugar desde el 12 al 22 de abril, donde los turistas y residentes tendr\u00e1n la oportunidad de disfrutar 10 d\u00edas de eventos populares, entre ellos, \u201cLa Gran Fiesta de Canc\u00fan\u201d, que se realizar\u00e1 los d\u00edas 19 y 20.<\/p>\n<p>As\u00ed mismo, tendr\u00e1n la ceremonia c\u00edvica por el aniversario y la sesi\u00f3n solemne de Cabildo que tendr\u00e1n lugar el s\u00e1bado 20 por la ma\u00f1ana. En este sentido, Distrito Canc\u00fan y el Instituto de Cultura y las Artes, en conjunto con las asociaciones de Pioneros de Canc\u00fan, Fundadores de Canc\u00fan, el Comit\u00e9 de Vecinos del Crucero y dem\u00e1s organizaciones, universidades y otras instituciones, explicaron que esta agenda abarca los eventos, activaciones, regalos y proyectos institucionales y ciudadanos para el aniversario.<\/p>\n<p>\u201cLa Gran Fiesta de Canc\u00fan\u201d, como se denomina a las actividades principales, iniciar\u00e1 el viernes 19 en Plaza de la Reforma, con la muestra de bandas musicales \u201cExpresiones Musicales en la Historia de M\u00e9xico\u201d, de 06:00 de la tarde a 11:00 de la noche. Asimismo, se har\u00e1 la presentaci\u00f3n del libro \u201cHistoria Viva de Canc\u00fan\u201d.<\/p>\n<p>El 20 de abril, d\u00eda del aniversario, arrancar\u00e1 desde las 09:00 de la ma\u00f1ana con la ceremonia c\u00edvica en la Plaza de la Reforma y la sesi\u00f3n solemne de Cabildo, donde se estar\u00e1 entregando la medalla al m\u00e9rito ciudadano \u201cSigfrido Paz Paredes\u201d.<\/p>\n<p>Durante la tarde, a partir de las 05:30 p.m., comenzar\u00e1 el \u201cDesfile de los Cancunenses\u201d, que contar\u00e1 con ocho bloques, cada uno con aproximadamente 200 integrantes, que arrancar\u00e1 desde el domo Jacinto Canek rumbo a la Avenida Tulum, y de ah\u00ed bajar\u00e1 sobre esta vialidad hasta alcanzar la Plaza de la Reforma. El desfile incluye la participaci\u00f3n de autos antiguos, apoy\u00e1ndose en el Rally Maya y el Club de Autos Antiguos, seguidos por la banda de guerra.<\/p>\n<p>Al concluir el desfile se tendr\u00e1 una presentaci\u00f3n de la Banda Musical del Ayuntamiento, un show de Coco Bongo y, previo a la partida de pastel, se cantar\u00e1n las tradicionales \u201cMa\u00f1anitas\u201d con mariachi, para concluir con un evento art\u00edstico.<\/p>\n<p>El lunes 22 en el Jard\u00edn de Eventos \u201cOcean Weddings\u201d se realizar\u00e1n las \u201cBodas de Oro\u201d, de 04:00 a 06:00 de la tarde, donde se estar\u00e1n festejando a los primeros matrimonios registrados en Canc\u00fan, as\u00ed como las historias de amor de los pioneros de la ciudad, cerrando as\u00ed el calendario de actividades en celebraci\u00f3n de este 54 aniversario.<\/p>\n","protected":false},"excerpt":{"rendered":"<p>Quintana Roo.- En el marco del 54 aniversario de la fundaci\u00f3n de la ciudad de Canc\u00fan, se dieron a conocer las actividades que tendr\u00e1n lugar desde el 12 al 22 de abril, donde los turistas y residentes tendr\u00e1n la oportunidad de disfrutar 10 d\u00edas de eventos populares, entre ellos, \u201cLa Gran Fiesta de Canc\u00fan\u201d, que [&hellip;]<\/p>\n","protected":false},"author":1,"featured_media":63856,"comment_status":"closed","ping_status":"open","sticky":false,"template":"","format":"standard","meta":{"rop_custom_images_group":[],"rop_custom_messages_group":[],"rop_publish_now":"initial","rop_publish_now_accounts":[],"rop_publish_now_history":[],"rop_publish_now_status":"pending","footnotes":""},"categories":[67,61,66],"tags":[23],"class_list":["post-63855","post","type-post","status-publish","format-standard","has-post-thumbnail","hentry","category-ciudad","category-economia","category-estilo-de-vida","tag-destacado"],"_links":{"self":[{"href":"https:\/\/notiissa.mx\/index.php?rest_route=\/wp\/v2\/posts\/63855","targetHints":{"allow":["GET"]}}],"collection":[{"href":"https:\/\/notiissa.mx\/index.php?rest_route=\/wp\/v2\/posts"}],"about":[{"href":"https:\/\/notiissa.mx\/index.php?rest_route=\/wp\/v2\/types\/post"}],"author":[{"embeddable":true,"href":"https:\/\/notiissa.mx\/index.php?rest_route=\/wp\/v2\/users\/1"}],"replies":[{"embeddable":true,"href":"https:\/\/notiissa.mx\/index.php?rest_route=%2Fwp%2Fv2%2Fcomments&post=63855"}],"version-history":[{"count":1,"href":"https:\/\/notiissa.mx\/index.php?rest_route=\/wp\/v2\/posts\/63855\/revisions"}],"predecessor-version":[{"id":63857,"href":"https:\/\/notiissa.mx\/index.php?rest_route=\/wp\/v2\/posts\/63855\/revisions\/63857"}],"wp:featuredmedia":[{"embeddable":true,"href":"https:\/\/notiissa.mx\/index.php?rest_route=\/wp\/v2\/media\/63856"}],"wp:attachment":[{"href":"https:\/\/notiissa.mx\/index.php?rest_route=%2Fwp%2Fv2%2Fmedia&parent=63855"}],"wp:term":[{"taxonomy":"category","embeddable":true,"href":"https:\/\/notiissa.mx\/index.php?rest_route=%2Fwp%2Fv2%2Fcategories&post=63855"},{"taxonomy":"post_tag","embeddable":true,"href":"https:\/\/notiissa.mx\/index.php?rest_route=%2Fwp%2Fv2%2Ftags&post=63855"}],"curies":[{"name":"wp","href":"https:\/\/api.w.org\/{rel}","templated":true}]}}