{"id":63713,"date":"2024-04-07T17:39:17","date_gmt":"2024-04-07T17:39:17","guid":{"rendered":"https:\/\/notiissa.mx\/?p=63713"},"modified":"2024-04-07T17:39:17","modified_gmt":"2024-04-07T17:39:17","slug":"invitan-a-inscribirse-en-taller-de-bordado-infantil","status":"publish","type":"post","link":"https:\/\/notiissa.mx\/?p=63713","title":{"rendered":"Invitan a inscribirse en taller de bordado infantil"},"content":{"rendered":"<p><strong><em>&#8211; Todos los martes del 16 de abril al 3 de septiembre, de las 17:00 a las 19:00 horas, en el Centro de Desarrollo Cultural Infantil \u00abAlas y Ra\u00edces\u00bb.<\/em><\/strong><\/p>\n<p><strong>Ciudad de Chihuahua.-<\/strong> El Departamento de Desarrollo Comunitario y P\u00fablicos Espec\u00edficos de la Secretar\u00eda de Cultura, invita al taller infantil \u201cMi peque\u00f1o espacio de bordado\u201d, que ser\u00e1 impartido de forma gratuita por Luisa Portillo todos los martes, del 16 de abril al 3 de septiembre.<\/p>\n<p>Las sesiones tendr\u00e1n un horario de 17:00 a 19:00 horas, donde las y los participantes aprender\u00e1n sobre puntadas b\u00e1sicas y t\u00e9cnicas de bordado en fieltro, acuarela sobre tela y aplicaciones de chaquira.<\/p>\n<p>Portillo es licenciada en Arquitectura y tallerista de bordado y de diversas t\u00e9cnicas manuales. Tiene experiencia como docente de educaci\u00f3n especial en el estado de Quintana Roo y actualmente se desempe\u00f1a como maestra de Artes en un colegio particular.<\/p>\n<p>Su trayectoria la ha llevado a desarrollar estrategias para personas con y sin discapacidad, adem\u00e1s cuenta con conocimientos en organizaci\u00f3n de proyectos enfocados al desarrollo y emprendedurismo, con mujeres en el \u00e1mbito art\u00edstico y con artistas emergentes.<\/p>\n<p>El taller se realizar\u00e1 en las instalaciones del Centro de Desarrollo Cultural Infantil \u00abAlas y Ra\u00edces\u00bb, ubicado en la calle 29 y Divisi\u00f3n del Norte S\/N, colonia Altavista.<\/p>\n<p>Para participar es necesario un registro previo ya que el cupo es limitado. La inscripci\u00f3n se puede realizar en el tel\u00e9fono (614) 426 7429, de lunes a viernes de 9:00 a 16:00 horas.<\/p>\n<p>Para mayores informes ingresar a la p\u00e1gina www.facebook.com\/ar.cuu.<\/p>\n<p>Consulte la cartelera en www.culturachihuahua.com.<\/p>\n","protected":false},"excerpt":{"rendered":"<p>&#8211; Todos los martes del 16 de abril al 3 de septiembre, de las 17:00 a las 19:00 horas, en el Centro de Desarrollo Cultural Infantil \u00abAlas y Ra\u00edces\u00bb. Ciudad de Chihuahua.- El Departamento de Desarrollo Comunitario y P\u00fablicos Espec\u00edficos de la Secretar\u00eda de Cultura, invita al taller infantil \u201cMi peque\u00f1o espacio de bordado\u201d, que [&hellip;]<\/p>\n","protected":false},"author":1,"featured_media":63714,"comment_status":"closed","ping_status":"open","sticky":false,"template":"","format":"standard","meta":{"rop_custom_images_group":[],"rop_custom_messages_group":[],"rop_publish_now":"initial","rop_publish_now_accounts":[],"rop_publish_now_history":[],"rop_publish_now_status":"pending","footnotes":""},"categories":[73,67],"tags":[23],"class_list":["post-63713","post","type-post","status-publish","format-standard","has-post-thumbnail","hentry","category-arte","category-ciudad","tag-destacado"],"_links":{"self":[{"href":"https:\/\/notiissa.mx\/index.php?rest_route=\/wp\/v2\/posts\/63713","targetHints":{"allow":["GET"]}}],"collection":[{"href":"https:\/\/notiissa.mx\/index.php?rest_route=\/wp\/v2\/posts"}],"about":[{"href":"https:\/\/notiissa.mx\/index.php?rest_route=\/wp\/v2\/types\/post"}],"author":[{"embeddable":true,"href":"https:\/\/notiissa.mx\/index.php?rest_route=\/wp\/v2\/users\/1"}],"replies":[{"embeddable":true,"href":"https:\/\/notiissa.mx\/index.php?rest_route=%2Fwp%2Fv2%2Fcomments&post=63713"}],"version-history":[{"count":1,"href":"https:\/\/notiissa.mx\/index.php?rest_route=\/wp\/v2\/posts\/63713\/revisions"}],"predecessor-version":[{"id":63715,"href":"https:\/\/notiissa.mx\/index.php?rest_route=\/wp\/v2\/posts\/63713\/revisions\/63715"}],"wp:featuredmedia":[{"embeddable":true,"href":"https:\/\/notiissa.mx\/index.php?rest_route=\/wp\/v2\/media\/63714"}],"wp:attachment":[{"href":"https:\/\/notiissa.mx\/index.php?rest_route=%2Fwp%2Fv2%2Fmedia&parent=63713"}],"wp:term":[{"taxonomy":"category","embeddable":true,"href":"https:\/\/notiissa.mx\/index.php?rest_route=%2Fwp%2Fv2%2Fcategories&post=63713"},{"taxonomy":"post_tag","embeddable":true,"href":"https:\/\/notiissa.mx\/index.php?rest_route=%2Fwp%2Fv2%2Ftags&post=63713"}],"curies":[{"name":"wp","href":"https:\/\/api.w.org\/{rel}","templated":true}]}}