{"id":63700,"date":"2024-04-06T21:20:24","date_gmt":"2024-04-06T21:20:24","guid":{"rendered":"https:\/\/notiissa.mx\/?p=63700"},"modified":"2024-04-06T21:20:24","modified_gmt":"2024-04-06T21:20:24","slug":"alerta-pc-por-presencia-de-fuertes-vientos-en-la-entidad","status":"publish","type":"post","link":"https:\/\/notiissa.mx\/?p=63700","title":{"rendered":"Alerta PC por presencia de fuertes vientos en la entidad"},"content":{"rendered":"<p><strong><em>Se mantendr\u00e1 el pron\u00f3stico de vientos fuertes durante el inicio de la pr\u00f3xima semana.<\/em><\/strong><\/p>\n<p><strong>Chihuahua.-<\/strong> La Coordinaci\u00f3n Estatal de Protecci\u00f3n Civil (CEPC), exhorta a la poblaci\u00f3n a tomar las precauciones necesarias y tolerancia en la entidad ante la presencia de vientos fuertes que se presentan en la entidad.<\/p>\n<p>Desde las primeras horas de este s\u00e1bado 6 de abril se han registrado r\u00e1fagas de viento de moderadas a fuertes en algunas zonas del territorio estatal, mismas que se mantendr\u00e1n durante esta tarde y domingo 7 entre los 75 y 85 kil\u00f3metros por hora (km\/h) en Ascensi\u00f3n, Janos, Casas Grandes, Galeana, Ignacio Zaragoza, Buenaventura, Namiquipa, Nuevo Casas Grandes y G\u00f3mez Far\u00edas.<\/p>\n<p>Para Ju\u00e1rez, Guadalupe, Pr\u00e1xedis G. Guerrero, Madera, Carich\u00ed, Cusihuiriachi, Cuauht\u00e9moc, Rosales, Meoqui, Delicias, Saucillo, San Francisco de Conchos, Camargo y Parral, los vientos oscilar\u00e1n entre los 65 y 55 km\/h.<\/p>\n<p>Mientras que para el lunes 8 y martes 9 de abril, el ingreso de un nuevo sistema frontal, posible n\u00famero 45, mantendr\u00e1 la presencia de fuertes vientos en las ya mencionadas regiones, as\u00ed como, la probabilidad de lluvias ligeras en Palomas, Janos, Ju\u00e1rez, Casas Grandes y Madera.<\/p>\n<p>Con la finalidad de evitar accidentes, la CEPC exhorta a la ciudadan\u00eda a no salir de casa si no es necesario y a conducir por precauci\u00f3n ante la baja visibilidad en tramos carreteros.<\/p>\n","protected":false},"excerpt":{"rendered":"<p>Se mantendr\u00e1 el pron\u00f3stico de vientos fuertes durante el inicio de la pr\u00f3xima semana. Chihuahua.- La Coordinaci\u00f3n Estatal de Protecci\u00f3n Civil (CEPC), exhorta a la poblaci\u00f3n a tomar las precauciones necesarias y tolerancia en la entidad ante la presencia de vientos fuertes que se presentan en la entidad. Desde las primeras horas de este s\u00e1bado [&hellip;]<\/p>\n","protected":false},"author":1,"featured_media":63701,"comment_status":"closed","ping_status":"open","sticky":false,"template":"","format":"standard","meta":{"rop_custom_images_group":[],"rop_custom_messages_group":[],"rop_publish_now":"initial","rop_publish_now_accounts":[],"rop_publish_now_history":[],"rop_publish_now_status":"pending","footnotes":""},"categories":[67,72],"tags":[],"class_list":["post-63700","post","type-post","status-publish","format-standard","has-post-thumbnail","hentry","category-ciudad","category-estado"],"_links":{"self":[{"href":"https:\/\/notiissa.mx\/index.php?rest_route=\/wp\/v2\/posts\/63700","targetHints":{"allow":["GET"]}}],"collection":[{"href":"https:\/\/notiissa.mx\/index.php?rest_route=\/wp\/v2\/posts"}],"about":[{"href":"https:\/\/notiissa.mx\/index.php?rest_route=\/wp\/v2\/types\/post"}],"author":[{"embeddable":true,"href":"https:\/\/notiissa.mx\/index.php?rest_route=\/wp\/v2\/users\/1"}],"replies":[{"embeddable":true,"href":"https:\/\/notiissa.mx\/index.php?rest_route=%2Fwp%2Fv2%2Fcomments&post=63700"}],"version-history":[{"count":1,"href":"https:\/\/notiissa.mx\/index.php?rest_route=\/wp\/v2\/posts\/63700\/revisions"}],"predecessor-version":[{"id":63702,"href":"https:\/\/notiissa.mx\/index.php?rest_route=\/wp\/v2\/posts\/63700\/revisions\/63702"}],"wp:featuredmedia":[{"embeddable":true,"href":"https:\/\/notiissa.mx\/index.php?rest_route=\/wp\/v2\/media\/63701"}],"wp:attachment":[{"href":"https:\/\/notiissa.mx\/index.php?rest_route=%2Fwp%2Fv2%2Fmedia&parent=63700"}],"wp:term":[{"taxonomy":"category","embeddable":true,"href":"https:\/\/notiissa.mx\/index.php?rest_route=%2Fwp%2Fv2%2Fcategories&post=63700"},{"taxonomy":"post_tag","embeddable":true,"href":"https:\/\/notiissa.mx\/index.php?rest_route=%2Fwp%2Fv2%2Ftags&post=63700"}],"curies":[{"name":"wp","href":"https:\/\/api.w.org\/{rel}","templated":true}]}}