{"id":62442,"date":"2024-02-18T17:47:10","date_gmt":"2024-02-18T17:47:10","guid":{"rendered":"https:\/\/notiissa.mx\/?p=62442"},"modified":"2024-02-18T17:47:57","modified_gmt":"2024-02-18T17:47:57","slug":"encarna-pinero-reconocida-como-mejor-directiva-en-la-v-edicion-de-los-premios-mujeres-empresarias","status":"publish","type":"post","link":"https:\/\/notiissa.mx\/?p=62442","title":{"rendered":"Encarna Pi\u00f1ero reconocida como Mejor Directiva en la V Edici\u00f3n de los Premios Mujeres Empresarias"},"content":{"rendered":"<p class=\"yiv7643405310MsoNormal\"><span lang=\"es\">\u25cf <\/span><b><i><span lang=\"es\">Con un recorrido de m\u00e1s de 20 a\u00f1os en el sector m\u00e1s importante de las islas, Encarna Pi\u00f1ero se ha convertido en un ejemplo de liderazgo transformador desde un compromiso pleno con la diversidad, la innovaci\u00f3n y la sostenibilidad.<\/span><\/i><\/b><\/p>\n<p class=\"yiv7643405310MsoNormal\"><span lang=\"es\">\u25cf <\/span><b><i><span lang=\"es\">Con la entrega de estos galardones, Actualidad Econ\u00f3mica y Telva buscan reconocer la gran labor y gesti\u00f3n de la mujer en el \u00e1mbito empresarial.<\/span><\/i><\/b><\/p>\n<p class=\"yiv7643405310MsoNormal\"><b><span lang=\"es\">Palma. &#8211;<\/span><\/b><span lang=\"es\"> <b>Encarna Pi\u00f1ero<\/b>, Chief Executive Officer de Grupo Pi\u00f1ero, ha sido reconocida por <b>Actualidad Econ\u00f3mica<\/b> y <b>Telva <\/b>con el<b> Premio a la Mejor Directiva del a\u00f1o en la V Edici\u00f3n de los Premios Mujeres Empresarias en las Islas Baleares<\/b>. Los premios se han entregado con el objetivo de reconocer la labor determinante en el tejido empresarial de las mujeres empresarias y directivas potenciando la transformaci\u00f3n e igualdad social en sus respectivos sectores.<\/span><\/p>\n<p class=\"yiv7643405310MsoNormal\"><span lang=\"es\">El acto de entrega de los premios se ha llevado a cabo este jueves, 8 de febrero, en Son Veri, Palma de Mallorca, con el objetivo de reconocer a las galardonadas de forma oficial. La ceremonia de entrega de los galardones ha contado con la presencia de Marga Prohens, presidenta del Govern de las Illes Balears, as\u00ed como Laura Mugica, directora general y Consejera de Unidad Editorial, Joaquin Manso, Director General de El Mundo, Olga Ruiz, directora de Telva y M\u00aa Cruz Rivera Directora regional de Caixabank, acompa\u00f1ados del Alcalde de Palma, Jaume Martinez, y El Delegado del Gobierno, Alfonso Rodriguez Badal.<\/span><\/p>\n<p class=\"yiv7643405310MsoNormal\"><span lang=\"es\">En agradecimiento a esta distinci\u00f3n, Encarna Pi\u00f1ero ha se\u00f1alado <i>\u201cel honor que supone recibir este reconocimiento. Desde que mi padre fund\u00f3 Grupo Pi\u00f1ero en Palma de Mallorca, mi familia y yo hemos trabajado desde el compromiso y el esfuerzo para contribuir al desarrollo tur\u00edstico de esta maravillosa isla.\u201d<\/i> La directiva tambi\u00e9n subray\u00f3 la labor realizada por Actualidad Econ\u00f3mica y Telva, destacando \u201c<i>lo importante que es que sigamos destacando el trabajo de las mujeres empresarias como un motor esencial para las Islas Baleares.\u201d<\/i><\/span><\/p>\n<p class=\"yiv7643405310MsoNormal\"><b><span lang=\"es\">Encarna Pi\u00f1ero: Una trayectoria de liderazgo de m\u00e1s de 20 a\u00f1os<\/span><\/b><\/p>\n<p class=\"yiv7643405310MsoNormal\"><span lang=\"es\">El premio otorgado a Encarna Pi\u00f1ero como Mejor Directiva en esta edici\u00f3n de los Premios a Mujeres Empresarias ha reconocido la amplia trayectoria de la CEO en el entorno empresarial de las Islas Baleares. Con un recorrido de m\u00e1s de 20 a\u00f1os en el sector m\u00e1s importante de las islas, Encarna Pi\u00f1ero ha empleado la pasi\u00f3n y la excelencia hasta convertirse en un ejemplo de liderazgo transformador; siempre desde un compromiso pleno con la diversidad, la innovaci\u00f3n y la sostenibilidad.<\/span><\/p>\n<p class=\"yiv7643405310MsoNormal\"><span lang=\"es\">Adem\u00e1s de ocupar el cargo de CEO en Grupo Pi\u00f1ero, la directiva tambi\u00e9n preside Inverotel (Asociaci\u00f3n de Inversores Hoteleros de \u00c1mbito Internacional de Espa\u00f1a), es miembro del Consejo Asesor Regional de BBVA, Miembro para Baleares de la Asociaci\u00f3n para el Progreso de la Direcci\u00f3n (APD) y miembro del Consejo Asesor Territorial de CaixaBank Baleares. A trav\u00e9s de estos cargos, Encarna demuestra de forma constante su especial dedicaci\u00f3n por el impulso de un turismo transformador y responsable en las Islas Baleares.<\/span><\/p>\n<p class=\"yiv7643405310MsoNormal\"><span lang=\"es\">La entrega de este galard\u00f3n engloba la gran labor desarrollada por Encarna Pi\u00f1ero desde Grupo Pi\u00f1ero y desde sus cargos como consejera para asociaciones de Baleares, demostrando su compromiso con un modelo de negocio guiado por la excelencia y por el orgullo de pertenencia, tanto al sector tur\u00edstico como a Palma.<\/span><\/p>\n","protected":false},"excerpt":{"rendered":"<p>\u25cf Con un recorrido de m\u00e1s de 20 a\u00f1os en el sector m\u00e1s importante de las islas, Encarna Pi\u00f1ero se ha convertido en un ejemplo de liderazgo transformador desde un compromiso pleno con la diversidad, la innovaci\u00f3n y la sostenibilidad. \u25cf Con la entrega de estos galardones, Actualidad Econ\u00f3mica y Telva buscan reconocer la gran [&hellip;]<\/p>\n","protected":false},"author":1,"featured_media":62443,"comment_status":"closed","ping_status":"open","sticky":false,"template":"","format":"standard","meta":{"rop_custom_images_group":[],"rop_custom_messages_group":[],"rop_publish_now":"initial","rop_publish_now_accounts":[],"rop_publish_now_history":[],"rop_publish_now_status":"pending","footnotes":""},"categories":[67,72,66],"tags":[],"class_list":["post-62442","post","type-post","status-publish","format-standard","has-post-thumbnail","hentry","category-ciudad","category-estado","category-estilo-de-vida"],"_links":{"self":[{"href":"https:\/\/notiissa.mx\/index.php?rest_route=\/wp\/v2\/posts\/62442","targetHints":{"allow":["GET"]}}],"collection":[{"href":"https:\/\/notiissa.mx\/index.php?rest_route=\/wp\/v2\/posts"}],"about":[{"href":"https:\/\/notiissa.mx\/index.php?rest_route=\/wp\/v2\/types\/post"}],"author":[{"embeddable":true,"href":"https:\/\/notiissa.mx\/index.php?rest_route=\/wp\/v2\/users\/1"}],"replies":[{"embeddable":true,"href":"https:\/\/notiissa.mx\/index.php?rest_route=%2Fwp%2Fv2%2Fcomments&post=62442"}],"version-history":[{"count":1,"href":"https:\/\/notiissa.mx\/index.php?rest_route=\/wp\/v2\/posts\/62442\/revisions"}],"predecessor-version":[{"id":62444,"href":"https:\/\/notiissa.mx\/index.php?rest_route=\/wp\/v2\/posts\/62442\/revisions\/62444"}],"wp:featuredmedia":[{"embeddable":true,"href":"https:\/\/notiissa.mx\/index.php?rest_route=\/wp\/v2\/media\/62443"}],"wp:attachment":[{"href":"https:\/\/notiissa.mx\/index.php?rest_route=%2Fwp%2Fv2%2Fmedia&parent=62442"}],"wp:term":[{"taxonomy":"category","embeddable":true,"href":"https:\/\/notiissa.mx\/index.php?rest_route=%2Fwp%2Fv2%2Fcategories&post=62442"},{"taxonomy":"post_tag","embeddable":true,"href":"https:\/\/notiissa.mx\/index.php?rest_route=%2Fwp%2Fv2%2Ftags&post=62442"}],"curies":[{"name":"wp","href":"https:\/\/api.w.org\/{rel}","templated":true}]}}