{"id":62438,"date":"2024-02-17T23:06:46","date_gmt":"2024-02-17T23:06:46","guid":{"rendered":"https:\/\/notiissa.mx\/?p=62438"},"modified":"2024-02-17T23:06:46","modified_gmt":"2024-02-17T23:06:46","slug":"lanza-congreso-convocatoria-para-presidir-la-cedh","status":"publish","type":"post","link":"https:\/\/notiissa.mx\/?p=62438","title":{"rendered":"Lanza Congreso convocatoria para presidir la CEDH"},"content":{"rendered":"<p>-Publican la convocatoria en el Peri\u00f3dico Oficial del Estado.<br \/>\n-Los interesados podr\u00e1n inscribirse a partir de la fecha de publicaci\u00f3n y hasta el 07 de marzo de 2024.<\/p>\n<p>El Congreso del Estado, a trav\u00e9s de la Junta de la Coordinaci\u00f3n Pol\u00edtica (JUCOPO) lanz\u00f3 este s\u00e1bado, a trav\u00e9s del Peri\u00f3dico Oficial del Estado, la convocatoria para presidir la Comisi\u00f3n Estatal de Derechos Humanos, por un periodo de cinco a\u00f1os a partir del 15 de abril de 2024.<\/p>\n<p>De conformidad con el art\u00edculo 9 de la Ley de la Comisi\u00f3n Estatal de los Derechos Humanos, podr\u00e1n participar quienes re\u00fanan los requisitos siguientes:<\/p>\n<p>I. Ciudadan\u00eda mexicana, en pleno ejercicio de los derechos civiles y pol\u00edticos.<br \/>\nII. No haber ocupado, ni ocupar puestos de direcci\u00f3n de partidos u organismos pol\u00edticos en los \u00faltimos 5 a\u00f1os.<br \/>\nIII. Gozar de buena reputaci\u00f3n y no haber sido condenado por delito doloso.<br \/>\nIV. Acreditar 5 a\u00f1os de experiencia en el \u00e1rea de promoci\u00f3n, respeto y protecci\u00f3n de los Derechos Humanos. Dicha experiencia deber\u00e1 ser comprobable mediante documentos expedidos por autoridades, organismos p\u00fablicos y\/u organizaciones en la materia.<br \/>\nV. Contar con nivel de estudios de Licenciatura.<br \/>\nVI. No ser persona deudora alimentaria morosa, conforme a lo establecido en la Ley del Registro Estatal de Personas Deudoras Alimentarias Morosas de Chihuahua.<\/p>\n<p>La documentaci\u00f3n para acreditar los requisitos se recibir\u00e1 a partir de la fecha de la publicaci\u00f3n en el Peri\u00f3dico Oficial del Estado y hasta el jueves 07 de marzo de 2024, en Oficial\u00eda de Partes del H. Congreso del Estado, ubicada en el Mezzanine del edificio que ocupa el Poder Legislativo, en la Calle Libertad No. 9, en el Centro Hist\u00f3rico de la Ciudad de Chihuahua, en un horario de 9:00 a 15:00 horas, de lunes a viernes, con excepci\u00f3n de los d\u00edas inh\u00e1biles. (La documentaci\u00f3n deber\u00e1 presentarse, sin grapar ni engargolar.)<\/p>\n<p>Las entrevistas para quienes cumplan con los requisitos, se llevar\u00e1n a cabo los d\u00edas, 14 y 15 de marzo del a\u00f1o en curso, mismas que ser\u00e1n videograbadas y transmitidas en tiempo real, en la p\u00e1gina oficial del H. Congreso del Estado.<\/p>\n<p>Posterior a las entrevistas, la Jucopo elaborar\u00e1 el acuerdo que contenga la terna que propondr\u00e1 al Pleno, a fin de que este designe a quien ocupar\u00e1 la presidencia de la Comisi\u00f3n Estatal de los Derechos Humanos.<\/p>\n<p>Finalmente, el pleno Legislativo proceder\u00e1 a la elecci\u00f3n, a m\u00e1s tardar el d\u00eda 10 de abril del a\u00f1o en curso.<\/p>\n","protected":false},"excerpt":{"rendered":"<p>-Publican la convocatoria en el Peri\u00f3dico Oficial del Estado. -Los interesados podr\u00e1n inscribirse a partir de la fecha de publicaci\u00f3n y hasta el 07 de marzo de 2024. El Congreso del Estado, a trav\u00e9s de la Junta de la Coordinaci\u00f3n Pol\u00edtica (JUCOPO) lanz\u00f3 este s\u00e1bado, a trav\u00e9s del Peri\u00f3dico Oficial del Estado, la convocatoria para [&hellip;]<\/p>\n","protected":false},"author":1,"featured_media":62439,"comment_status":"closed","ping_status":"open","sticky":false,"template":"","format":"standard","meta":{"rop_custom_images_group":[],"rop_custom_messages_group":[],"rop_publish_now":"initial","rop_publish_now_accounts":[],"rop_publish_now_history":[],"rop_publish_now_status":"pending","footnotes":""},"categories":[67,72],"tags":[23],"class_list":["post-62438","post","type-post","status-publish","format-standard","has-post-thumbnail","hentry","category-ciudad","category-estado","tag-destacado"],"_links":{"self":[{"href":"https:\/\/notiissa.mx\/index.php?rest_route=\/wp\/v2\/posts\/62438","targetHints":{"allow":["GET"]}}],"collection":[{"href":"https:\/\/notiissa.mx\/index.php?rest_route=\/wp\/v2\/posts"}],"about":[{"href":"https:\/\/notiissa.mx\/index.php?rest_route=\/wp\/v2\/types\/post"}],"author":[{"embeddable":true,"href":"https:\/\/notiissa.mx\/index.php?rest_route=\/wp\/v2\/users\/1"}],"replies":[{"embeddable":true,"href":"https:\/\/notiissa.mx\/index.php?rest_route=%2Fwp%2Fv2%2Fcomments&post=62438"}],"version-history":[{"count":1,"href":"https:\/\/notiissa.mx\/index.php?rest_route=\/wp\/v2\/posts\/62438\/revisions"}],"predecessor-version":[{"id":62440,"href":"https:\/\/notiissa.mx\/index.php?rest_route=\/wp\/v2\/posts\/62438\/revisions\/62440"}],"wp:featuredmedia":[{"embeddable":true,"href":"https:\/\/notiissa.mx\/index.php?rest_route=\/wp\/v2\/media\/62439"}],"wp:attachment":[{"href":"https:\/\/notiissa.mx\/index.php?rest_route=%2Fwp%2Fv2%2Fmedia&parent=62438"}],"wp:term":[{"taxonomy":"category","embeddable":true,"href":"https:\/\/notiissa.mx\/index.php?rest_route=%2Fwp%2Fv2%2Fcategories&post=62438"},{"taxonomy":"post_tag","embeddable":true,"href":"https:\/\/notiissa.mx\/index.php?rest_route=%2Fwp%2Fv2%2Ftags&post=62438"}],"curies":[{"name":"wp","href":"https:\/\/api.w.org\/{rel}","templated":true}]}}