{"id":61544,"date":"2024-01-22T21:48:22","date_gmt":"2024-01-22T21:48:22","guid":{"rendered":"https:\/\/notiissa.mx\/?p=61544"},"modified":"2024-01-22T21:48:22","modified_gmt":"2024-01-22T21:48:22","slug":"tendra-chihuahua-dos-nuevos-pueblos-tradicionales-la","status":"publish","type":"post","link":"https:\/\/notiissa.mx\/?p=61544","title":{"rendered":"\u00abTendr\u00e1 Chihuahua dos nuevos Pueblos Tradicionales\u00bb: LA"},"content":{"rendered":"<p>&nbsp;<\/p>\n<ul>\n<li><strong><em>Valle de Allende y Jim\u00e9nez participaron en la convocatoria de Pueblos Tradicionales y se espera pronto su designaci\u00f3n.<\/em><\/strong><\/li>\n<\/ul>\n<p><strong>Chihuahua.-<\/strong> El diputado por el Partido Acci\u00f3n Nacional (PAN), Luis Aguilar, mencion\u00f3 que, luego de que se llevara a cabo la convocatoria de Pueblos Tradicionales, por parte de la Secretar\u00eda de Turismo del Estado de Chihuahua, dos municipios del Distrito 20 al que \u00e9l representa, Allende y Jim\u00e9nez, ser\u00e1n acreedores a esta designaci\u00f3n.<\/p>\n<p>Aguilar se\u00f1al\u00f3 que, mediante esta convocatoria, se busc\u00f3 que los municipios o localidades que, a trav\u00e9s del tiempo y ante la modernidad ha conservado, trabajado y defendido su herencia hist\u00f3rica, cultural y\/o natural; y la manifiestan en diversas expresiones a trav\u00e9s de su patrimonio tangible e intangible, participaran con el objetivo de diversificar la oferta tur\u00edstica en Chihuahua, y que esto se traduzca en una derrama econ\u00f3mica para las familias de estas regiones.<\/p>\n<p>\u201cFue durante el programa de LA Cita, que hacemos cada semana, que el Secretario de Turismo, Edibray G\u00f3mez, a quien tuvimos como invitado, nos confirm\u00f3 que estas dos localidades estar\u00e1n dentro de los Pueblos Tradicionales de nuestro estado.\u201d, declar\u00f3 Luis Aguilar.<\/p>\n<p>En palabras del legislador, esta designaci\u00f3n fortalecer\u00e1 a la regi\u00f3n centro sur del estado, y brindar\u00e1 nuevos destinos tur\u00edsticos para visitantes locales y extranjeros, por lo que hay que seguir trabajando junto a los habitantes de esta zona, para generar mayores actividades y servicios\u00a0para\u00a0ofrecer.<\/p>\n","protected":false},"excerpt":{"rendered":"<p>&nbsp; Valle de Allende y Jim\u00e9nez participaron en la convocatoria de Pueblos Tradicionales y se espera pronto su designaci\u00f3n. Chihuahua.- El diputado por el Partido Acci\u00f3n Nacional (PAN), Luis Aguilar, mencion\u00f3 que, luego de que se llevara a cabo la convocatoria de Pueblos Tradicionales, por parte de la Secretar\u00eda de Turismo del Estado de Chihuahua, [&hellip;]<\/p>\n","protected":false},"author":1,"featured_media":61545,"comment_status":"closed","ping_status":"open","sticky":false,"template":"","format":"standard","meta":{"rop_custom_images_group":[],"rop_custom_messages_group":[],"rop_publish_now":"initial","rop_publish_now_accounts":[],"rop_publish_now_history":[],"rop_publish_now_status":"pending","footnotes":""},"categories":[75,67,61,72,66],"tags":[23],"class_list":["post-61544","post","type-post","status-publish","format-standard","has-post-thumbnail","hentry","category-actualidad","category-ciudad","category-economia","category-estado","category-estilo-de-vida","tag-destacado"],"_links":{"self":[{"href":"https:\/\/notiissa.mx\/index.php?rest_route=\/wp\/v2\/posts\/61544","targetHints":{"allow":["GET"]}}],"collection":[{"href":"https:\/\/notiissa.mx\/index.php?rest_route=\/wp\/v2\/posts"}],"about":[{"href":"https:\/\/notiissa.mx\/index.php?rest_route=\/wp\/v2\/types\/post"}],"author":[{"embeddable":true,"href":"https:\/\/notiissa.mx\/index.php?rest_route=\/wp\/v2\/users\/1"}],"replies":[{"embeddable":true,"href":"https:\/\/notiissa.mx\/index.php?rest_route=%2Fwp%2Fv2%2Fcomments&post=61544"}],"version-history":[{"count":1,"href":"https:\/\/notiissa.mx\/index.php?rest_route=\/wp\/v2\/posts\/61544\/revisions"}],"predecessor-version":[{"id":61546,"href":"https:\/\/notiissa.mx\/index.php?rest_route=\/wp\/v2\/posts\/61544\/revisions\/61546"}],"wp:featuredmedia":[{"embeddable":true,"href":"https:\/\/notiissa.mx\/index.php?rest_route=\/wp\/v2\/media\/61545"}],"wp:attachment":[{"href":"https:\/\/notiissa.mx\/index.php?rest_route=%2Fwp%2Fv2%2Fmedia&parent=61544"}],"wp:term":[{"taxonomy":"category","embeddable":true,"href":"https:\/\/notiissa.mx\/index.php?rest_route=%2Fwp%2Fv2%2Fcategories&post=61544"},{"taxonomy":"post_tag","embeddable":true,"href":"https:\/\/notiissa.mx\/index.php?rest_route=%2Fwp%2Fv2%2Ftags&post=61544"}],"curies":[{"name":"wp","href":"https:\/\/api.w.org\/{rel}","templated":true}]}}