{"id":61538,"date":"2024-01-22T21:30:15","date_gmt":"2024-01-22T21:30:15","guid":{"rendered":"https:\/\/notiissa.mx\/?p=61538"},"modified":"2024-01-22T21:30:15","modified_gmt":"2024-01-22T21:30:15","slug":"anuncian-cierre-temporal-de-las-estaciones-gemas-y-nueva-espana-de-bowi","status":"publish","type":"post","link":"https:\/\/notiissa.mx\/?p=61538","title":{"rendered":"Anuncian cierre temporal de las estaciones Gemas y Nueva Espa\u00f1a de Bowi"},"content":{"rendered":"<p><strong>Ciudad de Chihuahua.-<\/strong> La Secretar\u00eda General de Gobierno, a trav\u00e9s de la Operadora de Transporte (OTV), inform\u00f3 a los usuarios de Bowi que este martes 23 de enero, se cerrar\u00e1n de forma temporal las estaciones Gemas y Nueva Espa\u00f1a, debido a la inauguraci\u00f3n del Paso Inferior del Distribuidor Vial Sur.<\/p>\n<p>La suspensi\u00f3n de operaciones en ambas paradas se tiene programada de las 11:00 a las 13:00 horas, por lo que se invita a la ciudadan\u00eda a planificar sus viajes con las precauciones debidas.<\/p>\n<p>La OTV agradece la comprensi\u00f3n y colaboraci\u00f3n de la comunidad, y reafirma su compromiso de proporcionar un transporte p\u00fablico eficiente y de calidad.<\/p>\n","protected":false},"excerpt":{"rendered":"<p>Ciudad de Chihuahua.- La Secretar\u00eda General de Gobierno, a trav\u00e9s de la Operadora de Transporte (OTV), inform\u00f3 a los usuarios de Bowi que este martes 23 de enero, se cerrar\u00e1n de forma temporal las estaciones Gemas y Nueva Espa\u00f1a, debido a la inauguraci\u00f3n del Paso Inferior del Distribuidor Vial Sur. La suspensi\u00f3n de operaciones en [&hellip;]<\/p>\n","protected":false},"author":1,"featured_media":61539,"comment_status":"closed","ping_status":"open","sticky":false,"template":"","format":"standard","meta":{"rop_custom_images_group":[],"rop_custom_messages_group":[],"rop_publish_now":"initial","rop_publish_now_accounts":[],"rop_publish_now_history":[],"rop_publish_now_status":"pending","footnotes":""},"categories":[67],"tags":[],"class_list":["post-61538","post","type-post","status-publish","format-standard","has-post-thumbnail","hentry","category-ciudad"],"_links":{"self":[{"href":"https:\/\/notiissa.mx\/index.php?rest_route=\/wp\/v2\/posts\/61538","targetHints":{"allow":["GET"]}}],"collection":[{"href":"https:\/\/notiissa.mx\/index.php?rest_route=\/wp\/v2\/posts"}],"about":[{"href":"https:\/\/notiissa.mx\/index.php?rest_route=\/wp\/v2\/types\/post"}],"author":[{"embeddable":true,"href":"https:\/\/notiissa.mx\/index.php?rest_route=\/wp\/v2\/users\/1"}],"replies":[{"embeddable":true,"href":"https:\/\/notiissa.mx\/index.php?rest_route=%2Fwp%2Fv2%2Fcomments&post=61538"}],"version-history":[{"count":1,"href":"https:\/\/notiissa.mx\/index.php?rest_route=\/wp\/v2\/posts\/61538\/revisions"}],"predecessor-version":[{"id":61540,"href":"https:\/\/notiissa.mx\/index.php?rest_route=\/wp\/v2\/posts\/61538\/revisions\/61540"}],"wp:featuredmedia":[{"embeddable":true,"href":"https:\/\/notiissa.mx\/index.php?rest_route=\/wp\/v2\/media\/61539"}],"wp:attachment":[{"href":"https:\/\/notiissa.mx\/index.php?rest_route=%2Fwp%2Fv2%2Fmedia&parent=61538"}],"wp:term":[{"taxonomy":"category","embeddable":true,"href":"https:\/\/notiissa.mx\/index.php?rest_route=%2Fwp%2Fv2%2Fcategories&post=61538"},{"taxonomy":"post_tag","embeddable":true,"href":"https:\/\/notiissa.mx\/index.php?rest_route=%2Fwp%2Fv2%2Ftags&post=61538"}],"curies":[{"name":"wp","href":"https:\/\/api.w.org\/{rel}","templated":true}]}}