{"id":61513,"date":"2024-01-20T21:47:33","date_gmt":"2024-01-20T21:47:33","guid":{"rendered":"https:\/\/notiissa.mx\/?p=61513"},"modified":"2024-01-20T21:47:33","modified_gmt":"2024-01-20T21:47:33","slug":"riviera-maya-supera-la-ocupacion-de-cancun","status":"publish","type":"post","link":"https:\/\/notiissa.mx\/?p=61513","title":{"rendered":"Riviera Maya supera la ocupaci\u00f3n de Canc\u00fan"},"content":{"rendered":"<p>La Secretar\u00eda de Turismo, que encabeza Miguel Torruco M\u00e1rqu\u00e9s, prev\u00e9 para el primer fin de semana largo comprendido del <strong>3 al 5 de febrero,<\/strong> una ocupaci\u00f3n hotelera r\u00e9cord en los destinos de playa de Quintana Roo con un estimado de 88%.<\/p>\n<p>De acuerdo con los datos estimados por Sectur, en el primer megapuente del a\u00f1o los destinos de playa como la Riviera Maya llegan a una ocupaci\u00f3n del 87.8 por ciento, Canc\u00fan espera un 81.4%, Tulum 88% e Isla Mujeres 73.5%. En general se promedia una ocupaci\u00f3n hotelera del 62% incrementando 4% en comparaci\u00f3n con el mismo periodo en 2023, cuando alcanz\u00f3 58%.<\/p>\n<p>Las proyecciones de la secretar\u00eda indican que Quintana Roo recibir\u00e1 un mill\u00f3n 45 mil turistas nacionales y 369 mil extranjeros durante el festivo.<\/p>\n<p><strong>REPORTUR.<\/strong><\/p>\n","protected":false},"excerpt":{"rendered":"<p>La Secretar\u00eda de Turismo, que encabeza Miguel Torruco M\u00e1rqu\u00e9s, prev\u00e9 para el primer fin de semana largo comprendido del 3 al 5 de febrero, una ocupaci\u00f3n hotelera r\u00e9cord en los destinos de playa de Quintana Roo con un estimado de 88%. De acuerdo con los datos estimados por Sectur, en el primer megapuente del a\u00f1o [&hellip;]<\/p>\n","protected":false},"author":1,"featured_media":61514,"comment_status":"closed","ping_status":"open","sticky":false,"template":"","format":"standard","meta":{"rop_custom_images_group":[],"rop_custom_messages_group":[],"rop_publish_now":"initial","rop_publish_now_accounts":[],"rop_publish_now_history":[],"rop_publish_now_status":"pending","footnotes":""},"categories":[75,67,61,66],"tags":[23],"class_list":["post-61513","post","type-post","status-publish","format-standard","has-post-thumbnail","hentry","category-actualidad","category-ciudad","category-economia","category-estilo-de-vida","tag-destacado"],"_links":{"self":[{"href":"https:\/\/notiissa.mx\/index.php?rest_route=\/wp\/v2\/posts\/61513","targetHints":{"allow":["GET"]}}],"collection":[{"href":"https:\/\/notiissa.mx\/index.php?rest_route=\/wp\/v2\/posts"}],"about":[{"href":"https:\/\/notiissa.mx\/index.php?rest_route=\/wp\/v2\/types\/post"}],"author":[{"embeddable":true,"href":"https:\/\/notiissa.mx\/index.php?rest_route=\/wp\/v2\/users\/1"}],"replies":[{"embeddable":true,"href":"https:\/\/notiissa.mx\/index.php?rest_route=%2Fwp%2Fv2%2Fcomments&post=61513"}],"version-history":[{"count":1,"href":"https:\/\/notiissa.mx\/index.php?rest_route=\/wp\/v2\/posts\/61513\/revisions"}],"predecessor-version":[{"id":61515,"href":"https:\/\/notiissa.mx\/index.php?rest_route=\/wp\/v2\/posts\/61513\/revisions\/61515"}],"wp:featuredmedia":[{"embeddable":true,"href":"https:\/\/notiissa.mx\/index.php?rest_route=\/wp\/v2\/media\/61514"}],"wp:attachment":[{"href":"https:\/\/notiissa.mx\/index.php?rest_route=%2Fwp%2Fv2%2Fmedia&parent=61513"}],"wp:term":[{"taxonomy":"category","embeddable":true,"href":"https:\/\/notiissa.mx\/index.php?rest_route=%2Fwp%2Fv2%2Fcategories&post=61513"},{"taxonomy":"post_tag","embeddable":true,"href":"https:\/\/notiissa.mx\/index.php?rest_route=%2Fwp%2Fv2%2Ftags&post=61513"}],"curies":[{"name":"wp","href":"https:\/\/api.w.org\/{rel}","templated":true}]}}