{"id":61037,"date":"2023-12-24T20:16:38","date_gmt":"2023-12-24T20:16:38","guid":{"rendered":"https:\/\/notiissa.mx\/?p=61037"},"modified":"2023-12-24T20:16:38","modified_gmt":"2023-12-24T20:16:38","slug":"milei-insiste-en-que-privatizara-todas-las-empresas-publicas-de-argentina","status":"publish","type":"post","link":"https:\/\/notiissa.mx\/?p=61037","title":{"rendered":"Milei insiste en que privatizar\u00e1 todas las empresas p\u00fablicas de Argentina"},"content":{"rendered":"<p>\u00abEl Estado no tiene que participar en la econom\u00eda\u00bb, asever\u00f3 el presidente del pa\u00eds latinoamericano.<\/p>\n<p>El presidente de Argentina, Javier Milei, ha insistido en que privatizar\u00e1 todas las empresas p\u00fablicas existentes hoy en d\u00eda en su pa\u00eds, seg\u00fan lo afirm\u00f3 durante el programa televisivo. \u00abLa Noche de Mirtha Legrand\u00bb.<\/p>\n<p><strong>\u00abEl Estado no tiene que participar en la econom\u00eda\u00bb,<\/strong> declar\u00f3. \u00abEse tipo de conductas se utilizan para generar distorsiones en el mercado y para generarle quioscos y cajas a los amigos. Bueno, eso est\u00e1 mal. <strong>Eso est\u00e1 mal<\/strong>. <strong>Eso es casta<\/strong>\u00ab, a\u00f1adi\u00f3.<\/p>\n<p>Asimismo, indic\u00f3 que esa es la raz\u00f3n por la que los detractores de la medida se enfadan, y puso el ejemplo de la agencia de noticias estatal T\u00e9lam, asegurando que el Gobierno puede entregar la empresa a la gente para que la manejen ellos mismos y \u00aba ver qu\u00e9 hacen\u00bb.<\/p>\n<p>\u00abUn Estado que tiene una agencia, \u00bfpara qu\u00e9? Todas las agencias privadas cerraron, todas. DyN [Diarios y Noticias], NA [Noticias Argentinas], todas. No existen m\u00e1s las agencias. La \u00fanica que existe es la del Estado. Y aparte se utiliza como el canal de la televisi\u00f3n p\u00fablica que fue utilizado como un mecanismo de propaganda\u00bb, dijo en ese momento la otra invitada al programa, Patricia Bullrich, ministra de Seguridad argentina.<\/p>\n<p>En un momento dado, la presentadora le pregunt\u00f3 a Milei cu\u00e1nto gana y este respondi\u00f3 que no lo sabe. \u00abMi dinero lo maneja mi hermana [Karina]. En casa de herrero, cuchillo de palo\u00bb, contest\u00f3 el mandatario sin dar m\u00e1s detalles.<\/p>\n<p>Al ser preguntado por el cacerolazo, afirm\u00f3 que el gobierno saliente \u00abse encarg\u00f3 de infundirle miedo a la gente\u00bb, detallando que, en la actualidad, Argentina tiene un 50 % de pobres, un 10 % de indigentes y los j\u00f3venes se van a otros pa\u00edses en busca de un futuro mejor.<\/p>\n<p>El inquilino de la Casa Rosada dijo que \u00absi hay gente con s\u00edndrome de Estocolmo que adora a sus captores, eso no es normal\u00bb, en referencia a quienes han salido a protestar contra el reci\u00e9n presentado Decreto de Necesidad y Urgencia (DNU), ya que considera que \u00abest\u00e1n abrazados al modelo que los empobrece\u00bb.<\/p>\n<p>\u00abNo solo que le estamos dando m\u00e1s libertad a los argentinos, no solo que hacemos que los mercados sean m\u00e1s competitivos, sino que adem\u00e1s <strong>terminamos con los privilegios<\/strong>\u00a0<strong>de algunos vivos<\/strong> que viven a costa de los argentinos. Entonces, claro, aquellos que ven afectados sus intereses y se quejan\u00bb, a\u00f1adi\u00f3.<\/p>\n<p>En opini\u00f3n del pol\u00edtico libertario, la \u00fanica forma de salir de la pobreza es con crecimiento econ\u00f3mico, el cual necesita de un conjunto de instituciones del liberalismo. \u00abEs decir, la salida es la libertad\u00bb, asegur\u00f3, se\u00f1alando que esto se construye con la propiedad privada, los mercados libres de intervenci\u00f3n estatal, la competencia, la divisi\u00f3n del trabajo y la cooperaci\u00f3n social.<\/p>\n<p>Por otro lado, revel\u00f3 que el empresario multimillonario Elon Musk le ha llamado. \u00abEst\u00e1 sumamente <strong>interesado en el litio<\/strong>. Y tambi\u00e9n est\u00e1n interesados el Gobierno de EE.UU. y muchas empresas del pa\u00eds. Pero necesitan un marco jur\u00eddico que respete los derechos de propiedad\u00bb, explic\u00f3.<\/p>\n<p>Milei brind\u00f3 este mi\u00e9rcoles su primera cadena nacional para explicar los alcances del DNU, que apunta a la desregulaci\u00f3n de la econom\u00eda en el marco de su programa de ajuste. \u00abHoy es un d\u00eda hist\u00f3rico para nuestro pa\u00eds. Despu\u00e9s de a\u00f1os de decadencia, comenzamos el camino de la reconstrucci\u00f3n\u00bb, asever\u00f3.<\/p>\n<p>El mandatario anunci\u00f3 una serie de 30 derogaciones de leyes vigentes y nuevas disposiciones, si bien se\u00f1al\u00f3 que son m\u00e1s de 300, entre las que mencion\u00f3 la transformaci\u00f3n de todas las empresas del Estado en sociedades an\u00f3nimas para su posterior privatizaci\u00f3n.<\/p>\n<p>RT.<\/p>\n","protected":false},"excerpt":{"rendered":"<p>\u00abEl Estado no tiene que participar en la econom\u00eda\u00bb, asever\u00f3 el presidente del pa\u00eds latinoamericano. El presidente de Argentina, Javier Milei, ha insistido en que privatizar\u00e1 todas las empresas p\u00fablicas existentes hoy en d\u00eda en su pa\u00eds, seg\u00fan lo afirm\u00f3 durante el programa televisivo. \u00abLa Noche de Mirtha Legrand\u00bb. \u00abEl Estado no tiene que participar [&hellip;]<\/p>\n","protected":false},"author":1,"featured_media":61038,"comment_status":"closed","ping_status":"open","sticky":false,"template":"","format":"standard","meta":{"rop_custom_images_group":[],"rop_custom_messages_group":[],"rop_publish_now":"initial","rop_publish_now_accounts":[],"rop_publish_now_history":[],"rop_publish_now_status":"pending","footnotes":""},"categories":[60],"tags":[],"class_list":["post-61037","post","type-post","status-publish","format-standard","has-post-thumbnail","hentry","category-sonnoticia"],"_links":{"self":[{"href":"https:\/\/notiissa.mx\/index.php?rest_route=\/wp\/v2\/posts\/61037","targetHints":{"allow":["GET"]}}],"collection":[{"href":"https:\/\/notiissa.mx\/index.php?rest_route=\/wp\/v2\/posts"}],"about":[{"href":"https:\/\/notiissa.mx\/index.php?rest_route=\/wp\/v2\/types\/post"}],"author":[{"embeddable":true,"href":"https:\/\/notiissa.mx\/index.php?rest_route=\/wp\/v2\/users\/1"}],"replies":[{"embeddable":true,"href":"https:\/\/notiissa.mx\/index.php?rest_route=%2Fwp%2Fv2%2Fcomments&post=61037"}],"version-history":[{"count":1,"href":"https:\/\/notiissa.mx\/index.php?rest_route=\/wp\/v2\/posts\/61037\/revisions"}],"predecessor-version":[{"id":61039,"href":"https:\/\/notiissa.mx\/index.php?rest_route=\/wp\/v2\/posts\/61037\/revisions\/61039"}],"wp:featuredmedia":[{"embeddable":true,"href":"https:\/\/notiissa.mx\/index.php?rest_route=\/wp\/v2\/media\/61038"}],"wp:attachment":[{"href":"https:\/\/notiissa.mx\/index.php?rest_route=%2Fwp%2Fv2%2Fmedia&parent=61037"}],"wp:term":[{"taxonomy":"category","embeddable":true,"href":"https:\/\/notiissa.mx\/index.php?rest_route=%2Fwp%2Fv2%2Fcategories&post=61037"},{"taxonomy":"post_tag","embeddable":true,"href":"https:\/\/notiissa.mx\/index.php?rest_route=%2Fwp%2Fv2%2Ftags&post=61037"}],"curies":[{"name":"wp","href":"https:\/\/api.w.org\/{rel}","templated":true}]}}