{"id":60999,"date":"2023-12-21T23:55:02","date_gmt":"2023-12-21T23:55:02","guid":{"rendered":"https:\/\/notiissa.mx\/?p=60999"},"modified":"2023-12-21T23:55:02","modified_gmt":"2023-12-21T23:55:02","slug":"riviera-maya-hoteles-suben-tarifa-con-ocho-mil-cuartos-mas-que-2019","status":"publish","type":"post","link":"https:\/\/notiissa.mx\/?p=60999","title":{"rendered":"Riviera Maya: hoteles suben tarifa con ocho mil cuartos m\u00e1s que 2019"},"content":{"rendered":"<p>La Riviera Maya cierra el a\u00f1o con una recuperaci\u00f3n de m\u00e1s de 10% en su tarifa hotelera y un promedio de ocupaci\u00f3n anual de 77.2%, convirti\u00e9ndose as\u00ed en el destino m\u00e1s visitado de todo M\u00e9xico.<\/p>\n<p>El presidente de la Asociaci\u00f3n de Hoteles de la Riviera Maya, Toni Chaves, resalt\u00f3 que al cierre de 2023 el destino cuenta con 96 hoteles y una oferta de 56 mil 645 habitaciones, destacando que al d\u00eda de hoy la Riviera Maya posee 8.445 habitaciones m\u00e1s que en 2019, confirmando a este corredor como el m\u00e1s grande del pa\u00eds en infraestructura hotelera y uno de los principales destinos que atraen inversi\u00f3n.<\/p>\n<p>Sus principales mercados son Estados Unidos, Canad\u00e1, turismo nacional, Inglaterra, Espa\u00f1a, Francia y Alemania; y de Am\u00e9rica Latina: Colombia y Brasil. El turismo norteamericano le representa a este corredor el 38% de su flujo total de visitantes.<\/p>\n<p>Como dijo <em>REPORTUR.mx<\/em>, la Secretar\u00eda de Turismo de M\u00e9xico, en cabeza de Miguel Torruco, dio a conocer los datos de la ocupaci\u00f3n hotelera de los primeros 10 meses del a\u00f1o, donde Canc\u00fan es rebasada por la Riviera Maya y Los Cabos.<\/p>\n<p>La ocupaci\u00f3n en los centros de playa alcanz\u00f3 el 66.2% con un aumento de 1.2% comparado con el mismo periodo de 2022 cuando fue de 65% de ocupaci\u00f3n. Sin embargo, Canc\u00fan qued\u00f3 rezagada con 74.5% frente a los 76.9% de Cabo San Lucas, Playacar con el 82.9% y Akumal con el 81.3%.<\/p>\n","protected":false},"excerpt":{"rendered":"<p>La Riviera Maya cierra el a\u00f1o con una recuperaci\u00f3n de m\u00e1s de 10% en su tarifa hotelera y un promedio de ocupaci\u00f3n anual de 77.2%, convirti\u00e9ndose as\u00ed en el destino m\u00e1s visitado de todo M\u00e9xico. El presidente de la Asociaci\u00f3n de Hoteles de la Riviera Maya, Toni Chaves, resalt\u00f3 que al cierre de 2023 el [&hellip;]<\/p>\n","protected":false},"author":1,"featured_media":61000,"comment_status":"closed","ping_status":"open","sticky":false,"template":"","format":"standard","meta":{"rop_custom_images_group":[],"rop_custom_messages_group":[],"rop_publish_now":"initial","rop_publish_now_accounts":[],"rop_publish_now_history":[],"rop_publish_now_status":"pending","footnotes":""},"categories":[61,66],"tags":[23],"class_list":["post-60999","post","type-post","status-publish","format-standard","has-post-thumbnail","hentry","category-economia","category-estilo-de-vida","tag-destacado"],"_links":{"self":[{"href":"https:\/\/notiissa.mx\/index.php?rest_route=\/wp\/v2\/posts\/60999","targetHints":{"allow":["GET"]}}],"collection":[{"href":"https:\/\/notiissa.mx\/index.php?rest_route=\/wp\/v2\/posts"}],"about":[{"href":"https:\/\/notiissa.mx\/index.php?rest_route=\/wp\/v2\/types\/post"}],"author":[{"embeddable":true,"href":"https:\/\/notiissa.mx\/index.php?rest_route=\/wp\/v2\/users\/1"}],"replies":[{"embeddable":true,"href":"https:\/\/notiissa.mx\/index.php?rest_route=%2Fwp%2Fv2%2Fcomments&post=60999"}],"version-history":[{"count":1,"href":"https:\/\/notiissa.mx\/index.php?rest_route=\/wp\/v2\/posts\/60999\/revisions"}],"predecessor-version":[{"id":61001,"href":"https:\/\/notiissa.mx\/index.php?rest_route=\/wp\/v2\/posts\/60999\/revisions\/61001"}],"wp:featuredmedia":[{"embeddable":true,"href":"https:\/\/notiissa.mx\/index.php?rest_route=\/wp\/v2\/media\/61000"}],"wp:attachment":[{"href":"https:\/\/notiissa.mx\/index.php?rest_route=%2Fwp%2Fv2%2Fmedia&parent=60999"}],"wp:term":[{"taxonomy":"category","embeddable":true,"href":"https:\/\/notiissa.mx\/index.php?rest_route=%2Fwp%2Fv2%2Fcategories&post=60999"},{"taxonomy":"post_tag","embeddable":true,"href":"https:\/\/notiissa.mx\/index.php?rest_route=%2Fwp%2Fv2%2Ftags&post=60999"}],"curies":[{"name":"wp","href":"https:\/\/api.w.org\/{rel}","templated":true}]}}