{"id":60380,"date":"2023-11-24T22:10:34","date_gmt":"2023-11-24T22:10:34","guid":{"rendered":"https:\/\/notiissa.mx\/?p=60380"},"modified":"2023-11-24T22:10:34","modified_gmt":"2023-11-24T22:10:34","slug":"emprende-pensiones-actividades-con-temas-de-violencia-de-genero","status":"publish","type":"post","link":"https:\/\/notiissa.mx\/?p=60380","title":{"rendered":"Emprende Pensiones actividades con temas de violencia de g\u00e9nero"},"content":{"rendered":"<p><strong>Chihuahua.-<\/strong> En el marco de la conmemoraci\u00f3n por el D\u00eda Internacional de la Eliminaci\u00f3n de la Violencia contra las Mujeres, que se realiza el 25 de noviembre, la Unidad de Igualdad de G\u00e9nero (UIG) de Pensiones Civiles del Estado organiz\u00f3 una semana de actividades, a fin de sensibilizar y visibilizar esta problem\u00e1tica.<\/p>\n<p>Esta denominada Semana Naranja arranc\u00f3 con la din\u00e1mica \u201cAtemos voluntades\u201d, que consisti\u00f3 en colocar listones de color naranja en los \u00e1rboles de la Plaza de la Salud de la instituci\u00f3n, como un s\u00edmbolo de que se debe \u201ccolgar\u201d cualquier tipo de agresi\u00f3n y acoso hacia las mujeres.<\/p>\n<p>Adem\u00e1s, Karla Yojali Berm\u00fadez Cisneros, del Instituto Chihuahuense de las Mujeres,\u00a0 imparti\u00f3 la pl\u00e1tica \u201cC\u00f3mo prevenir la violencia contra mujeres, ni\u00f1as y adolescentes\u201d, a quienes conforman la plantilla laboral de Pensiones Civiles.<\/p>\n<p>Conjuntamente, los integrantes de la UIG invitaron a los trabajadores de la instituci\u00f3n a vestir de naranja, como una forma de expresar solidaridad y apoyo a las mujeres que han sido v\u00edctimas de ese tipo de situaciones, resaltando la importancia de trabajar juntos para eliminar la violencia de g\u00e9nero en la instituci\u00f3n y en la vida diaria.<\/p>\n","protected":false},"excerpt":{"rendered":"<p>Chihuahua.- En el marco de la conmemoraci\u00f3n por el D\u00eda Internacional de la Eliminaci\u00f3n de la Violencia contra las Mujeres, que se realiza el 25 de noviembre, la Unidad de Igualdad de G\u00e9nero (UIG) de Pensiones Civiles del Estado organiz\u00f3 una semana de actividades, a fin de sensibilizar y visibilizar esta problem\u00e1tica. Esta denominada Semana [&hellip;]<\/p>\n","protected":false},"author":1,"featured_media":60381,"comment_status":"closed","ping_status":"open","sticky":false,"template":"","format":"standard","meta":{"rop_custom_images_group":[],"rop_custom_messages_group":[],"rop_publish_now":"initial","rop_publish_now_accounts":[],"rop_publish_now_history":[],"rop_publish_now_status":"pending","footnotes":""},"categories":[67,62,72],"tags":[],"class_list":["post-60380","post","type-post","status-publish","format-standard","has-post-thumbnail","hentry","category-ciudad","category-cultura","category-estado"],"_links":{"self":[{"href":"https:\/\/notiissa.mx\/index.php?rest_route=\/wp\/v2\/posts\/60380","targetHints":{"allow":["GET"]}}],"collection":[{"href":"https:\/\/notiissa.mx\/index.php?rest_route=\/wp\/v2\/posts"}],"about":[{"href":"https:\/\/notiissa.mx\/index.php?rest_route=\/wp\/v2\/types\/post"}],"author":[{"embeddable":true,"href":"https:\/\/notiissa.mx\/index.php?rest_route=\/wp\/v2\/users\/1"}],"replies":[{"embeddable":true,"href":"https:\/\/notiissa.mx\/index.php?rest_route=%2Fwp%2Fv2%2Fcomments&post=60380"}],"version-history":[{"count":1,"href":"https:\/\/notiissa.mx\/index.php?rest_route=\/wp\/v2\/posts\/60380\/revisions"}],"predecessor-version":[{"id":60382,"href":"https:\/\/notiissa.mx\/index.php?rest_route=\/wp\/v2\/posts\/60380\/revisions\/60382"}],"wp:featuredmedia":[{"embeddable":true,"href":"https:\/\/notiissa.mx\/index.php?rest_route=\/wp\/v2\/media\/60381"}],"wp:attachment":[{"href":"https:\/\/notiissa.mx\/index.php?rest_route=%2Fwp%2Fv2%2Fmedia&parent=60380"}],"wp:term":[{"taxonomy":"category","embeddable":true,"href":"https:\/\/notiissa.mx\/index.php?rest_route=%2Fwp%2Fv2%2Fcategories&post=60380"},{"taxonomy":"post_tag","embeddable":true,"href":"https:\/\/notiissa.mx\/index.php?rest_route=%2Fwp%2Fv2%2Ftags&post=60380"}],"curies":[{"name":"wp","href":"https:\/\/api.w.org\/{rel}","templated":true}]}}