{"id":60363,"date":"2023-11-24T16:57:22","date_gmt":"2023-11-24T16:57:22","guid":{"rendered":"https:\/\/notiissa.mx\/?p=60363"},"modified":"2023-11-24T16:59:28","modified_gmt":"2023-11-24T16:59:28","slug":"director-de-ruba-distinguido-como-desarrollador-del-ano","status":"publish","type":"post","link":"https:\/\/notiissa.mx\/?p=60363","title":{"rendered":"Director de Ruba, distinguido como Desarrollador del  A\u00f1o"},"content":{"rendered":"<p class=\"yiv8657918550ydp9624e4c8yiv7491970461MsoNormal\" style=\"text-align: left;\" align=\"center\"><b>\u00a0En el \u2018Premio L\u00edderes de la Industria En Concreto\u2019.<\/b><\/p>\n<p style=\"text-align: left;\" align=\"center\"><b>Ruba es considerada una de las dos principales desarrolladoras de vivienda del pa\u00eds.<br \/>\n<\/b><\/p>\n<p class=\"yiv8657918550ydp9624e4c8yiv7491970461MsoNormal\" style=\"text-align: left;\" align=\"center\"><b> \u00a0<\/b><\/p>\n<p class=\"yiv8657918550ydp9624e4c8yiv7491970461MsoNormal\"><b>Ciudad de M\u00e9xico.- Jes\u00fas Sandoval Armenta, director general de Ruba, fue distinguido como Desarrollador del A\u00f1o en el marco del \u2018Premio L\u00edderes de la Industria En Concreto 2023\u2019, el reciente d\u00eda 22 en la Ciudad de M\u00e9xico.<\/b><\/p>\n<p class=\"yiv8657918550ydp9624e4c8yiv7491970461MsoNormal\"><b>Adem\u00e1s del directivo de Ruba fueron reconocidos Francisco Solares, presidente nacional de la C\u00e1mara Mexicana de la Industria de la Construcci\u00f3n (CMIC), como L\u00edder de la Construcci\u00f3n; y Luis Alberto Moreno, presidente de la C\u00e1mara Nacional de Desarrollo y Promoci\u00f3n de la Vivienda (Canadevi), entre otros destacados l\u00edderes de instituciones p\u00fablicas y privadas del sector.\u00a0 <\/b><\/p>\n<p class=\"yiv8657918550ydp9624e4c8yiv7491970461MsoNormal\"><b>En su participaci\u00f3n, Jes\u00fas Sandoval reconoci\u00f3 la labor de Grupo en Concreto y de su directora Mariel Z\u00fa\u00f1iga, por su labor a favor del sector, y agradeci\u00f3 a todo el equipo de colaboradores de Ruba, \u201cpor ser quienes han hecho posible esta distinci\u00f3n como Desarrollador del A\u00f1o 2023\u201d.<\/b><\/p>\n<p class=\"yiv8657918550ydp9624e4c8yiv7491970461MsoNormal\"><b>Ruba, con sede en Ciudad Ju\u00e1rez, Chihuahua, es considerada una de las dos principales desarrolladoras de vivienda del pa\u00eds, con un crecimiento en sus ingresos de doble d\u00edgito por 13 a\u00f1os consecutivos, tiene presencia en 16 plazas de 12 estados de la rep\u00fablica y ha escriturado m\u00e1s de 240,000 unidades, con una producci\u00f3n anual de 11,000 viviendas. <\/b><\/p>\n<p>Foto: <b><i>(De izquierda a derecha) Luis Alberto Moreno, presidente nacional de Canadevi; Jes\u00fas Sandoval, director general de Ruba; y Francisco Solares, presidente nacional de CMIC.<\/i><\/b><\/p>\n","protected":false},"excerpt":{"rendered":"<p>\u00a0En el \u2018Premio L\u00edderes de la Industria En Concreto\u2019. Ruba es considerada una de las dos principales desarrolladoras de vivienda del pa\u00eds. \u00a0 Ciudad de M\u00e9xico.- Jes\u00fas Sandoval Armenta, director general de Ruba, fue distinguido como Desarrollador del A\u00f1o en el marco del \u2018Premio L\u00edderes de la Industria En Concreto 2023\u2019, el reciente d\u00eda 22 [&hellip;]<\/p>\n","protected":false},"author":1,"featured_media":60364,"comment_status":"closed","ping_status":"open","sticky":false,"template":"","format":"standard","meta":{"rop_custom_images_group":[],"rop_custom_messages_group":[],"rop_publish_now":"initial","rop_publish_now_accounts":[],"rop_publish_now_history":[],"rop_publish_now_status":"pending","footnotes":""},"categories":[75,61,66],"tags":[23],"class_list":["post-60363","post","type-post","status-publish","format-standard","has-post-thumbnail","hentry","category-actualidad","category-economia","category-estilo-de-vida","tag-destacado"],"_links":{"self":[{"href":"https:\/\/notiissa.mx\/index.php?rest_route=\/wp\/v2\/posts\/60363","targetHints":{"allow":["GET"]}}],"collection":[{"href":"https:\/\/notiissa.mx\/index.php?rest_route=\/wp\/v2\/posts"}],"about":[{"href":"https:\/\/notiissa.mx\/index.php?rest_route=\/wp\/v2\/types\/post"}],"author":[{"embeddable":true,"href":"https:\/\/notiissa.mx\/index.php?rest_route=\/wp\/v2\/users\/1"}],"replies":[{"embeddable":true,"href":"https:\/\/notiissa.mx\/index.php?rest_route=%2Fwp%2Fv2%2Fcomments&post=60363"}],"version-history":[{"count":2,"href":"https:\/\/notiissa.mx\/index.php?rest_route=\/wp\/v2\/posts\/60363\/revisions"}],"predecessor-version":[{"id":60366,"href":"https:\/\/notiissa.mx\/index.php?rest_route=\/wp\/v2\/posts\/60363\/revisions\/60366"}],"wp:featuredmedia":[{"embeddable":true,"href":"https:\/\/notiissa.mx\/index.php?rest_route=\/wp\/v2\/media\/60364"}],"wp:attachment":[{"href":"https:\/\/notiissa.mx\/index.php?rest_route=%2Fwp%2Fv2%2Fmedia&parent=60363"}],"wp:term":[{"taxonomy":"category","embeddable":true,"href":"https:\/\/notiissa.mx\/index.php?rest_route=%2Fwp%2Fv2%2Fcategories&post=60363"},{"taxonomy":"post_tag","embeddable":true,"href":"https:\/\/notiissa.mx\/index.php?rest_route=%2Fwp%2Fv2%2Ftags&post=60363"}],"curies":[{"name":"wp","href":"https:\/\/api.w.org\/{rel}","templated":true}]}}