{"id":60356,"date":"2023-11-23T23:29:47","date_gmt":"2023-11-23T23:29:47","guid":{"rendered":"https:\/\/notiissa.mx\/?p=60356"},"modified":"2023-11-23T23:29:47","modified_gmt":"2023-11-23T23:29:47","slug":"asesor-de-milei-hay-que-sufrir-para-que-se-aprenda-que-las-cosas-cuestan","status":"publish","type":"post","link":"https:\/\/notiissa.mx\/?p=60356","title":{"rendered":"Asesor de Milei: \u00abHay que sufrir para que se aprenda que las cosas cuestan\u00bb"},"content":{"rendered":"<p>El especialista formul\u00f3 estos comentarios como cr\u00edtica hacia los empleados del sector p\u00fablico, a quienes acus\u00f3 de cobrar sin trabajar.<\/p>\n<p>Carlos Rodr\u00edguez, un excatedr\u00e1tico que eventualmente fungir\u00e1 como jefe del consejo de asesores econ\u00f3micos del presidente electo de Argentina, Javier Milei, levant\u00f3 pol\u00e9mica este jueves al asegurar que los trabajadores, a los que calific\u00f3 como \u00ab<strong>pobre gente parte del sistema<\/strong>\u00ab, ten\u00edan que sufrir para aprender \u00abque las cosas cuestan\u00bb.<\/p>\n<p>\u00abHay que sufrir. No cabe duda: <strong>hay que sufrir para que se aprenda que las cosas cuestan<\/strong> (\u2026). El laburante \u2013trabajador\u2013 que me est\u00e1 viendo ahora, tiene que reconocer y darse cuenta de que hay dos clases de laburantes: los vivos y los laburantes. Los vivos, se hacen los vivos y, lamentablemente, no aparecen, se borran\u00bb, sostuvo el experto en entrevista concedida a La Naci\u00f3n.<\/p>\n<p>Rodr\u00edguez, quien es rector fundador de la Universidad Centro de Estudios Macroecon\u00f3micos (Ucema,\u00a0privada), carg\u00f3 asimismo contra trabajadores p\u00fablicos y militantes peronistas, a los que tild\u00f3 de \u00ab\u00f1oquis\u00bb \u2013manera despectiva de referirse a los empleados que cobran sin trabajar\u2013 y contra profesiones que, seg\u00fan \u00e9l, \u00abson de &#8216;\u00f1oquis'\u00bb. \u00abNo quiero ofender a nadie, [pero] hay profesiones que no sirven\u00bb, recalc\u00f3.<\/p>\n<p>\u00abCuando hay una guerra, \u00bfqui\u00e9nes son los que sufren? \u00bfLos que los mandan a pelear? \u00bfQui\u00e9nes los mandan a pelear? Los de arriba, no te quepa la menor duda. Y s\u00ed. Hay que sufrir, van a tener que sufrir. <strong>No hay m\u00e1s remedio. Esto es una guerra<\/strong>\u00ab, complet\u00f3.<\/p>\n<h3>\u00abBomba at\u00f3mica en marcha\u00bb<\/h3>\n<p>A pesar del alto cargo que aparentemente ostentar\u00e1 a partir del pr\u00f3ximo 10 de diciembre, Rodr\u00edguez asever\u00f3 que sus interacciones con Milei se han producido principalmente a trav\u00e9s de las redes sociales y no en persona.<\/p>\n<p>A este respecto, pese a vaticinar que \u00abhabr\u00e1 un &#8216;shock'\u00bb que no arruinar\u00e1 el pa\u00eds y que ahora mismo la situaci\u00f3n sociopol\u00edtica equivale a \u00abuna bomba at\u00f3mica en marcha\u00bb, asegur\u00f3 que no ten\u00eda \u00abni la m\u00e1s leve idea\u00bb de cu\u00e1les ser\u00edan las medidas concretas que adoptar\u00e1n el mandatario electo y su equipo en materia econ\u00f3mica.<\/p>\n<p>\u00ab<strong>Nos dejaron un campo minado<\/strong>, hay minas por todos lados. (\u2026). Por eso es mejor no tener un ministro de Econom\u00eda ahora, porque cualquier mina que pisen ahora de golpe y porrazo, le echan la culpa a \u00e9l\u00bb, argument\u00f3.<\/p>\n<p>Con esto pretend\u00eda tanto recargar toda la responsabilidad de la situaci\u00f3n econ\u00f3mica en el Gobierno saliente, como justificar la falta de claridad sobre <strong>una designaci\u00f3n<\/strong>\u00a0que es ampliamente esperada y <strong>sobre la que<\/strong>, dijo, <strong>nadie conoce<\/strong>, ni siquiera personas del c\u00edrculo m\u00e1s pr\u00f3ximo a Milei, como la futura canciller, Diana Mondino.<\/p>\n<p>Al margen de cualquier especulaci\u00f3n, el presidente electo y miembros de su formaci\u00f3n pol\u00edtica, La Libertad Avanza, ya han revelado algunas de las directrices de su pol\u00edtica econ\u00f3mica: privatizaciones<strong> masivas<\/strong> \u2013incluyendo la energ\u00e9tica Yacimientos Petrol\u00edferos Fiscales (YPF), los medios p\u00fablicos y Aerol\u00edneas Argentinas\u2013, reducci\u00f3n dr\u00e1stica de las carteras ministeriales y suspensi\u00f3n de obras de infraestructura.<\/p>\n<p>RT:<\/p>\n<p>&nbsp;<\/p>\n<p>&nbsp;<\/p>\n<p>&nbsp;<\/p>\n<p>RT.<\/p>\n<p>&nbsp;<\/p>\n","protected":false},"excerpt":{"rendered":"<p>El especialista formul\u00f3 estos comentarios como cr\u00edtica hacia los empleados del sector p\u00fablico, a quienes acus\u00f3 de cobrar sin trabajar. Carlos Rodr\u00edguez, un excatedr\u00e1tico que eventualmente fungir\u00e1 como jefe del consejo de asesores econ\u00f3micos del presidente electo de Argentina, Javier Milei, levant\u00f3 pol\u00e9mica este jueves al asegurar que los trabajadores, a los que calific\u00f3 como [&hellip;]<\/p>\n","protected":false},"author":1,"featured_media":60357,"comment_status":"closed","ping_status":"open","sticky":false,"template":"","format":"standard","meta":{"rop_custom_images_group":[],"rop_custom_messages_group":[],"rop_publish_now":"initial","rop_publish_now_accounts":[],"rop_publish_now_history":[],"rop_publish_now_status":"pending","footnotes":""},"categories":[61,77],"tags":[23],"class_list":["post-60356","post","type-post","status-publish","format-standard","has-post-thumbnail","hentry","category-economia","category-ni-lectoris","tag-destacado"],"_links":{"self":[{"href":"https:\/\/notiissa.mx\/index.php?rest_route=\/wp\/v2\/posts\/60356","targetHints":{"allow":["GET"]}}],"collection":[{"href":"https:\/\/notiissa.mx\/index.php?rest_route=\/wp\/v2\/posts"}],"about":[{"href":"https:\/\/notiissa.mx\/index.php?rest_route=\/wp\/v2\/types\/post"}],"author":[{"embeddable":true,"href":"https:\/\/notiissa.mx\/index.php?rest_route=\/wp\/v2\/users\/1"}],"replies":[{"embeddable":true,"href":"https:\/\/notiissa.mx\/index.php?rest_route=%2Fwp%2Fv2%2Fcomments&post=60356"}],"version-history":[{"count":1,"href":"https:\/\/notiissa.mx\/index.php?rest_route=\/wp\/v2\/posts\/60356\/revisions"}],"predecessor-version":[{"id":60358,"href":"https:\/\/notiissa.mx\/index.php?rest_route=\/wp\/v2\/posts\/60356\/revisions\/60358"}],"wp:featuredmedia":[{"embeddable":true,"href":"https:\/\/notiissa.mx\/index.php?rest_route=\/wp\/v2\/media\/60357"}],"wp:attachment":[{"href":"https:\/\/notiissa.mx\/index.php?rest_route=%2Fwp%2Fv2%2Fmedia&parent=60356"}],"wp:term":[{"taxonomy":"category","embeddable":true,"href":"https:\/\/notiissa.mx\/index.php?rest_route=%2Fwp%2Fv2%2Fcategories&post=60356"},{"taxonomy":"post_tag","embeddable":true,"href":"https:\/\/notiissa.mx\/index.php?rest_route=%2Fwp%2Fv2%2Ftags&post=60356"}],"curies":[{"name":"wp","href":"https:\/\/api.w.org\/{rel}","templated":true}]}}