{"id":60344,"date":"2023-11-23T17:52:08","date_gmt":"2023-11-23T17:52:08","guid":{"rendered":"https:\/\/notiissa.mx\/?p=60344"},"modified":"2023-11-23T17:52:08","modified_gmt":"2023-11-23T17:52:08","slug":"cancun-alcaldesa-rechaza-idea-de-independizar-la-zona-hotelera","status":"publish","type":"post","link":"https:\/\/notiissa.mx\/?p=60344","title":{"rendered":"Canc\u00fan: alcaldesa rechaza idea de independizar la zona hotelera"},"content":{"rendered":"<p>La propuesta de separar la zona hotelera de Canc\u00fan y convertirla en una alcald\u00eda m\u00e1s dentro del municipio de Benito Ju\u00e1rez, fue tajantemente rechazada por la presidenta municipal, Ana Patricia Peralta.<\/p>\n<p>La iniciativa, planteada por la organizaci\u00f3n Observatorio Legislativo de Quintana Roo, se da luego de que el gobierno federal anunciara la posible transferencia al gobierno local de las labores de mantenimiento de la zona hotelera de Canc\u00fan.<\/p>\n<p>Acerca de dicha propuesta, Peralta la descart\u00f3 por completo. \u00abNo, una alcald\u00eda no la consideramos como tal. Hay muchos mecanismos que se pueden implementar, porque la zona hotelera es una parte muy importante de nuestro destino tur\u00edstico. No lo tenemos considerado, es una propuesta de alguien m\u00e1s; imaginate que la zona hotelera sea una alcald\u00eda y el centro aparte. No\u00bb.<\/p>\n<p>Se\u00f1al\u00f3 que ante la posible desaparici\u00f3n del Fondo Nacional de Fomento al Turismo (Fonatur) para el pr\u00f3ximo a\u00f1o -que es la instancia encargada del mantenimiento de la zona hotelera-, el gobierno estatal y municipal trabajan en un plan para garantizar que contin\u00faen los servicios. \u00abLes estaremos dando a conocer cuando ya tengamos el plan, hay una comunicaci\u00f3n directa del gobierno del estado, sobre todo de (la Secretar\u00eda) de Turismo, con Fonatur\u00bb, coment\u00f3.<\/p>\n<p>Peralta se\u00f1al\u00f3 que Canc\u00fan necesitar\u00eda al menos 200 millones de pesos al a\u00f1o para el mantenimiento de la zona hotelera. \u00abS\u00ed requerimos ese recurso porque el ayuntamiento no cuenta con este (dinero) para poder dar el mantenimiento. Se habla de 200 millones de pesos, pero tambi\u00e9n de 400 millones de pesos cuando se tiene que hace repavimentaci\u00f3n\u201d, afirm\u00f3 la presidenta municipal.<\/p>\n<p>El Observatorio Legislativo de Quintana Roo hab\u00eda propuesto establecer a la zona hotelera de Canc\u00fan como otra alcald\u00eda ante la posible desaparici\u00f3n de Fonatur el pr\u00f3ximo a\u00f1o. Eduardo Galaviz, presidente de dicha organizaci\u00f3n, explic\u00f3 que la propuesta se origina porque este tipo de organizaci\u00f3n administrativa tiene a su cargo los servicios de la zona.<\/p>\n<p>\u00abSugerimos, por ejemplo, que se pueda formar una alcald\u00eda en la zona hotelera, que se forme un consejo ciudadano de personas que habitan ah\u00ed, que tienen negocios, para que vigilen el manejo de los recursos fiscales\u00bb.<\/p>\n<p>Como dijo <em>REPORTUR.mx<\/em>, la organizaci\u00f3n Empresarios por Quintana Roo llam\u00f3 a la creaci\u00f3n de un Consejo Empresarial Ciudadano para administrar fondos de Fonatur, y de esta manera disponer de recursos para el mantenimiento de la zona hotelera de Canc\u00fan.<\/p>\n","protected":false},"excerpt":{"rendered":"<p>La propuesta de separar la zona hotelera de Canc\u00fan y convertirla en una alcald\u00eda m\u00e1s dentro del municipio de Benito Ju\u00e1rez, fue tajantemente rechazada por la presidenta municipal, Ana Patricia Peralta. La iniciativa, planteada por la organizaci\u00f3n Observatorio Legislativo de Quintana Roo, se da luego de que el gobierno federal anunciara la posible transferencia al [&hellip;]<\/p>\n","protected":false},"author":1,"featured_media":60345,"comment_status":"closed","ping_status":"open","sticky":false,"template":"","format":"standard","meta":{"rop_custom_images_group":[],"rop_custom_messages_group":[],"rop_publish_now":"initial","rop_publish_now_accounts":[],"rop_publish_now_history":[],"rop_publish_now_status":"pending","footnotes":""},"categories":[61,66],"tags":[],"class_list":["post-60344","post","type-post","status-publish","format-standard","has-post-thumbnail","hentry","category-economia","category-estilo-de-vida"],"_links":{"self":[{"href":"https:\/\/notiissa.mx\/index.php?rest_route=\/wp\/v2\/posts\/60344","targetHints":{"allow":["GET"]}}],"collection":[{"href":"https:\/\/notiissa.mx\/index.php?rest_route=\/wp\/v2\/posts"}],"about":[{"href":"https:\/\/notiissa.mx\/index.php?rest_route=\/wp\/v2\/types\/post"}],"author":[{"embeddable":true,"href":"https:\/\/notiissa.mx\/index.php?rest_route=\/wp\/v2\/users\/1"}],"replies":[{"embeddable":true,"href":"https:\/\/notiissa.mx\/index.php?rest_route=%2Fwp%2Fv2%2Fcomments&post=60344"}],"version-history":[{"count":1,"href":"https:\/\/notiissa.mx\/index.php?rest_route=\/wp\/v2\/posts\/60344\/revisions"}],"predecessor-version":[{"id":60346,"href":"https:\/\/notiissa.mx\/index.php?rest_route=\/wp\/v2\/posts\/60344\/revisions\/60346"}],"wp:featuredmedia":[{"embeddable":true,"href":"https:\/\/notiissa.mx\/index.php?rest_route=\/wp\/v2\/media\/60345"}],"wp:attachment":[{"href":"https:\/\/notiissa.mx\/index.php?rest_route=%2Fwp%2Fv2%2Fmedia&parent=60344"}],"wp:term":[{"taxonomy":"category","embeddable":true,"href":"https:\/\/notiissa.mx\/index.php?rest_route=%2Fwp%2Fv2%2Fcategories&post=60344"},{"taxonomy":"post_tag","embeddable":true,"href":"https:\/\/notiissa.mx\/index.php?rest_route=%2Fwp%2Fv2%2Ftags&post=60344"}],"curies":[{"name":"wp","href":"https:\/\/api.w.org\/{rel}","templated":true}]}}