{"id":60254,"date":"2023-11-21T16:30:11","date_gmt":"2023-11-21T16:30:11","guid":{"rendered":"https:\/\/notiissa.mx\/?p=60254"},"modified":"2023-11-21T16:30:11","modified_gmt":"2023-11-21T16:30:11","slug":"cancun-aplaude-el-aeropuerto-de-tulum-y-no-lo-ve-como-competidor","status":"publish","type":"post","link":"https:\/\/notiissa.mx\/?p=60254","title":{"rendered":"Canc\u00fan aplaude el aeropuerto de Tulum y no lo ve como competidor"},"content":{"rendered":"<p>Con la apertura de la operaci\u00f3n del aeropuerto de Tulum y del Tren Maya, Ana Patricia Peralta, presidenta municipal de Canc\u00fan, se\u00f1al\u00f3 que la deuda de inversi\u00f3n y de proyectos del gobierno federal con Quintana Roo ha sido saldada por el gobierno de Andr\u00e9s Manuel L\u00f3pez Obrador (AMLO).<\/p>\n<p>As\u00ed mismo, Peralta recalc\u00f3 que las dos mega obras ser\u00e1n detonantes del turismo para Quintana Roo y que la nueva terminal a\u00e9rea no ser\u00e1 competencia para la del municipio que lidera.<\/p>\n<p>\u201cFelipe Carrillo Puerto reforzar\u00e1 la llegada de m\u00e1s turistas al estado, quienes ahora con el Tren Maya podr\u00e1n conocer m\u00e1s rincones de Quintan Roo. El Tren Maya abonar\u00e1 para que m\u00e1s turistas lleguen al destino, donde en temporada alta se tienen 600 operaciones diarias y esa conexi\u00f3n ser\u00e1 importante\u201d, resalt\u00f3 Peralta al finalizar el desfile del 20 de Noviembre, seg\u00fan lo recoge Quintana Roo Hoy.<\/p>\n<p>Como dijo <em>REPORTUR.mx<\/em>, el desplazamiento de turistas que llegue al nuevo aeropuerto de Tulum, solo tendr\u00e1 una v\u00eda que atraviesa la avenida principal de la ciudad, por lo que los hoteleros de la zona consideran que trasladar a sus hu\u00e9spedes les llevar\u00e1 el mismo tiempo que si llegar\u00e1n al aeropuerto de Canc\u00fan. Por esto, reclaman se replanteen las rutas de acceso a la nueva terminal y piden reubicar el basurero.<\/p>\n","protected":false},"excerpt":{"rendered":"<p>Con la apertura de la operaci\u00f3n del aeropuerto de Tulum y del Tren Maya, Ana Patricia Peralta, presidenta municipal de Canc\u00fan, se\u00f1al\u00f3 que la deuda de inversi\u00f3n y de proyectos del gobierno federal con Quintana Roo ha sido saldada por el gobierno de Andr\u00e9s Manuel L\u00f3pez Obrador (AMLO). As\u00ed mismo, Peralta recalc\u00f3 que las dos [&hellip;]<\/p>\n","protected":false},"author":1,"featured_media":60255,"comment_status":"closed","ping_status":"open","sticky":false,"template":"","format":"standard","meta":{"rop_custom_images_group":[],"rop_custom_messages_group":[],"rop_publish_now":"initial","rop_publish_now_accounts":[],"rop_publish_now_history":[],"rop_publish_now_status":"pending","footnotes":""},"categories":[61,66],"tags":[],"class_list":["post-60254","post","type-post","status-publish","format-standard","has-post-thumbnail","hentry","category-economia","category-estilo-de-vida"],"_links":{"self":[{"href":"https:\/\/notiissa.mx\/index.php?rest_route=\/wp\/v2\/posts\/60254","targetHints":{"allow":["GET"]}}],"collection":[{"href":"https:\/\/notiissa.mx\/index.php?rest_route=\/wp\/v2\/posts"}],"about":[{"href":"https:\/\/notiissa.mx\/index.php?rest_route=\/wp\/v2\/types\/post"}],"author":[{"embeddable":true,"href":"https:\/\/notiissa.mx\/index.php?rest_route=\/wp\/v2\/users\/1"}],"replies":[{"embeddable":true,"href":"https:\/\/notiissa.mx\/index.php?rest_route=%2Fwp%2Fv2%2Fcomments&post=60254"}],"version-history":[{"count":1,"href":"https:\/\/notiissa.mx\/index.php?rest_route=\/wp\/v2\/posts\/60254\/revisions"}],"predecessor-version":[{"id":60256,"href":"https:\/\/notiissa.mx\/index.php?rest_route=\/wp\/v2\/posts\/60254\/revisions\/60256"}],"wp:featuredmedia":[{"embeddable":true,"href":"https:\/\/notiissa.mx\/index.php?rest_route=\/wp\/v2\/media\/60255"}],"wp:attachment":[{"href":"https:\/\/notiissa.mx\/index.php?rest_route=%2Fwp%2Fv2%2Fmedia&parent=60254"}],"wp:term":[{"taxonomy":"category","embeddable":true,"href":"https:\/\/notiissa.mx\/index.php?rest_route=%2Fwp%2Fv2%2Fcategories&post=60254"},{"taxonomy":"post_tag","embeddable":true,"href":"https:\/\/notiissa.mx\/index.php?rest_route=%2Fwp%2Fv2%2Ftags&post=60254"}],"curies":[{"name":"wp","href":"https:\/\/api.w.org\/{rel}","templated":true}]}}