{"id":5982,"date":"2015-10-04T17:02:35","date_gmt":"2015-10-04T17:02:35","guid":{"rendered":"http:\/\/notiissa.mx\/?p=5982"},"modified":"2015-10-04T17:02:35","modified_gmt":"2015-10-04T17:02:35","slug":"el-sur-global-hara-su-contribucion-contra-el-cambio-climatico","status":"publish","type":"post","link":"https:\/\/notiissa.mx\/?p=5982","title":{"rendered":"El Sur Global har\u00e1 su contribuci\u00f3n contra el cambio clim\u00e1tico"},"content":{"rendered":"<p style=\"text-align: justify;\">San Jos\u00e9, Costa Rica.- Vistos durante a\u00f1os como actores pasivos en la lucha frente el calentamiento del planeta, m\u00e1s de un centenar de pa\u00edses del Sur Global espantaron las etiquetas al presentar sus contribuciones nacionales para reducir las emisiones de gases de efecto invernadero (GEI) y descarbonizar sus econom\u00edas.<\/p>\n<p style=\"text-align: justify;\">Con diferentes niveles de ambici\u00f3n y algunas metas condicionadas al financiamiento internacional, los compromisos de las econom\u00edas en desarrollo ponen presi\u00f3n sobre los grandes emisores del mundo y refuerzan el llamado \u00e9tico de que el fen\u00f3meno del cambio clim\u00e1tico necesita del aporte de todos los pa\u00edses, coincidieron expertos consultados.<\/p>\n<p style=\"text-align: justify;\">\u201cHemos visto una serie de fuertes compromisos de pa\u00edses del Sur Global, a pesar de su peque\u00f1o papel en la creaci\u00f3n de este desaf\u00edo\u201d, explic\u00f3 Ellie Johnston, directora del Proyecto Clim\u00e1tico Mundial de la organizaci\u00f3n Climate Interactive, especializada en el seguimiento de los compromisos.<\/p>\n<p style=\"text-align: justify;\">En sus contribuciones nacionales los pa\u00edses del Sur han puesto el foco en energ\u00edas m\u00e1s limpias, el combate a la deforestaci\u00f3n, la necesidad de nuevas fuentes de financiamiento y la formulaci\u00f3n de acciones de adaptaci\u00f3n al cambio clim\u00e1tico.<\/p>\n<p style=\"text-align: justify;\">En total, 146 gobiernos presentaron en el l\u00edmite del 1 de octubre sus contribuciones previstas y determinadas a nivel nacional\u00a0(INDC, en ingl\u00e9s) para reducir emisiones, mientras \u00a049 no lo hicieron.<\/p>\n<p>Las INDC enviadas no alcanzan para contener el incremento de la temperatura en un m\u00e1ximo de dos grados cent\u00edgrados respecto al periodo preindustrial, el tope fijado por los expertos para evitar la cat\u00e1strofe clim\u00e1tica.<\/p>\n<p style=\"text-align: justify;\">En su mayor\u00eda, los compromisos asumen acciones entre 2020 y 2030, para ser incorporados en el nuevo tratado universal y vinculante, que deber\u00e1 aprobarse durante la\u00a021 Conferencia de las Partes\u00a0(COP21) de la\u00a0Convenci\u00f3n Marco de las Naciones Unidas sobre Cambio Clim\u00e1tico\u00a0(CMNUCC), que se realizar\u00e1 en Par\u00eds entre el 30 de noviembre y el 11 de diciembre.<\/p>\n<p style=\"text-align: justify;\">Un\u00a0an\u00e1lisis\u00a0de Climate Interactive determin\u00f3 que las contribuciones comprometidas llevar\u00edan al planeta a calentarse 3,5 grados cent\u00edgrados, mientras que\u00a0otra estimaci\u00f3n\u00a0de la red\u00a0Climate Action Tracker\u00a0calcula el aumento en 2,7 grados.<\/p>\n<p style=\"text-align: justify;\">Las diferencias del c\u00e1lculo provienen de diferencias metodol\u00f3gicas, principalmente en las emisiones de China e India tras 2030, las dos potencias emergentes que en las \u00faltimas dos d\u00e9cadas han surgido como el primer y tercer emisor de GEI del mundo. En medio, est\u00e1 Estados Unidos, en cuarto lugar Rusia y en quinto Jap\u00f3n.<\/p>\n<p style=\"text-align: justify;\">\u201cNuestro an\u00e1lisis muestra que se necesitan contribuciones m\u00e1s ambiciosas tanto en el Sur Global como en el Norte industrial para asegurar que llegaremos a la meta global de dos grados cent\u00edgrados y esperamos que las negociaciones de Par\u00eds creen el marco para que esto suceda\u201d, explic\u00f3 la estadounidense Johnston.<\/p>\n<p style=\"text-align: justify;\">Algunos de los gobiernos mostraron metas ambiciosas y destaca la presencia de objetivos claros en adaptaci\u00f3n, uno de los elementos m\u00e1s importantes para el Sur Global, la nueva denominaci\u00f3n con que se aglutina a los pa\u00edses en desarrollo y muy diversos de \u00c1frica, Am\u00e9rica Latina y el Caribe, y As\u00eda.<\/p>\n<p style=\"text-align: justify;\">La especialista celebr\u00f3 la presentaci\u00f3n de compromisos de las econom\u00edas emergentes y que \u201cdada la disparidad en responsabilidad hist\u00f3rica y la capacidad para tomar acciones\u201d, los pa\u00edses industrializados deber\u00edan mejorar sus compromisos.<\/p>\n<p style=\"text-align: justify;\">La divisi\u00f3n entre pa\u00edses industrializados y aquellos en desarrollo es parte b\u00e1sica\u00a0 de la CMNUCC, por su diferente responsabilidad en la creaci\u00f3n del fen\u00f3meno. Pero tras la COP20, celebrada en Lima en diciembre de 2014, todas las naciones se comprometieron a contribuir para contener el recalentamiento planetario mediante las INDC.<\/p>\n<p style=\"text-align: justify;\">En la crucial conferencia de Par\u00eds, los negociadores tendr\u00e1n que unir los INDC presentados por cada pa\u00eds en el nuevo tratado clim\u00e1tico vinculante, que entrar\u00e1 en vigor en 2020, con la meta de que el incremento de la temperatura no sobrepase los dos grados cent\u00edgrados al 2100.<\/p>\n<p style=\"text-align: justify;\">\u201cDesde una perspectiva de equidad y justicia, algunos pa\u00edses han ido m\u00e1s all\u00e1 de lo que podr\u00eda considerarse su justo aporte, especialmente algunos de los\u00a0pa\u00edses menos adelantados, los pa\u00edses en desarrollo sin litoral y los peque\u00f1os pa\u00edses insulares en desarrollo\u201d, explic\u00f3 la sudafricana Tasneem Essop, jefa de la delegaci\u00f3n del Fondo Mundial de la Naturaleza\u00a0(WWF) en las negociaciones clim\u00e1ticas.<\/p>\n<p style=\"text-align: justify;\">Estos pa\u00edses del Sur Global \u201cson los menos responsables del cambio clim\u00e1tico\u201d, subray\u00f3.<\/p>\n<p style=\"text-align: justify;\">Essop enfatiz\u00f3 que el\u00a0 problema con las INDC es que en Lima, donde se definieron sus pautas, no se fijaron est\u00e1ndares claros de c\u00f3mo deben establecerse.<\/p>\n<p style=\"text-align: justify;\">Por ejemplo, Costa Rica prometi\u00f3 limitar sus emisiones a 1,19 toneladas por habitante para 2050, cuando se aspira a que el mundo tenga un promedio de emisiones de dos toneladas por habitante como tope. Camer\u00fan reducir\u00e1 sus emisiones en 32 por ciento, respecto al nivel que tendr\u00eda en 2035 si mantuviera su ritmo actual, pero en un objetivo que como muchos otros pa\u00edses indica que depender\u00e1 de financiamiento internacional.<\/p>\n<p style=\"text-align: justify;\">Pap\u00faa Nueva Guinea, un l\u00edder hist\u00f3rico en el sector forestal, se enfocar\u00e1 en combatir la deforestaci\u00f3n y el cambio de uso de suelo, su principal problema, mientras que para 2025, Brasil propone reducir de manera incondicional sus emisiones en 37 por ciento, respecto al nivel de 2005 y es uno de los pocos pa\u00edses del Sur que present\u00f3 \u201cmetas absolutas\u201d.<\/p>\n<p style=\"text-align: justify;\">\u201cEl problema que tenemos, y esto aplica para todos los INDC, no solo para los pa\u00edses del Sur Global, es que no se ha desarrollado un marco com\u00fan o est\u00e1ndares comunes. Entonces se hace muy complicado comparar\u201d, apunt\u00f3 Essop.<\/p>\n<p style=\"text-align: justify;\">Entre los pa\u00edses que faltan por presentar su contribuci\u00f3n hay algunos con menor capacidad t\u00e9cnica para realizarla, junto con otros que los expertos consideran menos motivados a actuar. Entre los que faltan est\u00e1n Arabia Saudita, Bolivia, Ir\u00e1n, Malasia, Pakist\u00e1n, Sud\u00e1n y Venezuela.<\/p>\n<p style=\"text-align: justify;\">La activista enfatiz\u00f3 que los compromisos del Sur Global deben tener claro el balance entre los tres principales elementos de la acci\u00f3n clim\u00e1tica y del nuevo tratado \u2013mitigaci\u00f3n, adaptaci\u00f3n y medios de implementaci\u00f3n\u2013 y donde el financiamiento interno y externo juega un rol fundamental.<\/p>\n<p style=\"text-align: justify;\">\u201cUna importante e interesante caracter\u00edstica en algunos de los INDC del Sur Global ha sido la claridad en t\u00e9rminos de cu\u00e1nto el gobierno puede financiar internamente y cu\u00e1les acciones pueden ser ampliadas con apoyo\u201d, explic\u00f3 Essop.<\/p>\n<p style=\"text-align: justify;\">En 2009, las naciones industrializadas se comprometieron a aportar 100.000 millones de d\u00f3lares anuales a partir del 2020 al\u00a0Fondo Verde para el Clima\u00a0para financiar la lucha clim\u00e1tica. Pero su flujo ha sido demasiado lento. \u201cEl financiamiento no ser\u00e1 un asunto que se resuelva hasta la \u00faltima noche de Par\u00eds\u201d, dijo la brit\u00e1nica Kat Watts, asesora de pol\u00edticas clim\u00e1ticas del Carbon Market Watch.<\/p>\n<p style=\"text-align: justify;\">Watts subray\u00f3 que las antiguas divisiones de las negociaciones clim\u00e1ticas \u2013los pa\u00edses industrializados en Anexo I y Anexo II y los dem\u00e1s en un grupo aparte\u2013 se est\u00e1n desmoronando con las INDC y otras acciones.<\/p>\n<p style=\"text-align: justify;\">La analista explic\u00f3 que fue clave la coincidencia entre la presentaci\u00f3n de estos compromisos clim\u00e1ticos y la aprobaci\u00f3n de la\u00a0Agenda de Desarrollo a 2030\u00a0y sus Objetivos de Desarrollo Sostenible (ODS), en una\u00a0cumbre mundial\u00a0celebrada en las Naciones Unidas en Nueva York entre el 25 y el 27 de septiembre.<\/p>\n<p style=\"text-align: justify;\">\u201cQue tanto los INDC como los ODS ocurrieran este a\u00f1o significan que hay una oportunidad real para que cada pa\u00eds considere c\u00f3mo planificar su desarrollo tanto bajo en carbono como resiliente al cambio clim\u00e1tico\u201d, apunt\u00f3 Watts.<\/p>\n<p style=\"text-align: justify;\"><em>IPS Noticias<\/em><\/p>\n","protected":false},"excerpt":{"rendered":"<p>San Jos\u00e9, Costa Rica.- Vistos durante a\u00f1os como actores pasivos en la lucha frente el calentamiento del planeta, m\u00e1s de un centenar de pa\u00edses del Sur Global espantaron las etiquetas al presentar sus contribuciones nacionales para reducir las emisiones de gases de efecto invernadero (GEI) y descarbonizar sus econom\u00edas. Con diferentes niveles de ambici\u00f3n y [&hellip;]<\/p>\n","protected":false},"author":1,"featured_media":5983,"comment_status":"open","ping_status":"open","sticky":false,"template":"","format":"standard","meta":{"rop_custom_images_group":[],"rop_custom_messages_group":[],"rop_publish_now":"initial","rop_publish_now_accounts":[],"rop_publish_now_history":[],"rop_publish_now_status":"pending","footnotes":""},"categories":[68],"tags":[],"class_list":["post-5982","post","type-post","status-publish","format-standard","has-post-thumbnail","hentry","category-ciencia-tec"],"_links":{"self":[{"href":"https:\/\/notiissa.mx\/index.php?rest_route=\/wp\/v2\/posts\/5982","targetHints":{"allow":["GET"]}}],"collection":[{"href":"https:\/\/notiissa.mx\/index.php?rest_route=\/wp\/v2\/posts"}],"about":[{"href":"https:\/\/notiissa.mx\/index.php?rest_route=\/wp\/v2\/types\/post"}],"author":[{"embeddable":true,"href":"https:\/\/notiissa.mx\/index.php?rest_route=\/wp\/v2\/users\/1"}],"replies":[{"embeddable":true,"href":"https:\/\/notiissa.mx\/index.php?rest_route=%2Fwp%2Fv2%2Fcomments&post=5982"}],"version-history":[{"count":1,"href":"https:\/\/notiissa.mx\/index.php?rest_route=\/wp\/v2\/posts\/5982\/revisions"}],"predecessor-version":[{"id":5984,"href":"https:\/\/notiissa.mx\/index.php?rest_route=\/wp\/v2\/posts\/5982\/revisions\/5984"}],"wp:featuredmedia":[{"embeddable":true,"href":"https:\/\/notiissa.mx\/index.php?rest_route=\/wp\/v2\/media\/5983"}],"wp:attachment":[{"href":"https:\/\/notiissa.mx\/index.php?rest_route=%2Fwp%2Fv2%2Fmedia&parent=5982"}],"wp:term":[{"taxonomy":"category","embeddable":true,"href":"https:\/\/notiissa.mx\/index.php?rest_route=%2Fwp%2Fv2%2Fcategories&post=5982"},{"taxonomy":"post_tag","embeddable":true,"href":"https:\/\/notiissa.mx\/index.php?rest_route=%2Fwp%2Fv2%2Ftags&post=5982"}],"curies":[{"name":"wp","href":"https:\/\/api.w.org\/{rel}","templated":true}]}}